{"id":23615,"date":"2025-12-29T10:41:59","date_gmt":"2025-12-29T09:41:59","guid":{"rendered":"https:\/\/marommeactu.fr\/?p=23615"},"modified":"2026-02-02T16:49:23","modified_gmt":"2026-02-02T15:49:23","slug":"offre-demploi-responsable-de-structure-daccueil-de-loisirs","status":"archive","type":"post","link":"https:\/\/marommeactu.fr\/?p=23615","title":{"rendered":"[OFFRE D\u2019EMPLOI]\u00a0Responsable de structure d\u2019Accueil de Loisirs"},"content":{"rendered":"<p><b>PR\u00c9SENTATION DU POSTE<\/b><b><\/b><\/p>\n<p>Dot\u00e9e d\u2019un Agenda 2030, la ville de Maromme est engag\u00e9e dans une transformation durable du territoire, pour b\u00e2tir une ville attractive et vivante, et d\u00e9ployer une terre de coh\u00e9sion sociale. Mobilis\u00e9e au service de la r\u00e9ussite \u00e9ducative et du bien-\u00eatre des jeunes marommais et marommaises, la ville accompagne les enfants de la naissance \u00e0 l\u2019entr\u00e9e dans l\u2019\u00e2ge adulte, et \u0153uvre \u00e0 leur \u00e9panouissement. Le Service enfance-jeunesse s\u2019engage pour l\u2019\u00e9mancipation des enfants et l\u2019autonomie des jeunes adolescents.es et jeunes adultes.<\/p>\n<p><b>PROFIL RECHERCH\u00c9<\/b><b><\/b><\/p>\n<ul>\n<li>BEATEP ou BPJEPS ;<\/li>\n<li><span style=\"font-size: 1.8rem;\">Exp\u00e9rience av\u00e9r\u00e9e dans le domaine de l\u2019animation ;<\/span><\/li>\n<li><span style=\"font-size: 1.8rem;\">Connaissance affin\u00e9e des enjeux des m\u00e9tiers de l\u2019animation dans le secteur public, et maitrise du cadre juridique des ALSH et activit\u00e9s d\u2019animations, et de la r\u00e9glementation des ERP (locaux, incendie) ;<\/span><\/li>\n<li><span style=\"font-size: 1.8rem;\">Connaissance des acteurs du monde \u00e9ducatifs, des enjeux et des \u00e9volutions des politiques publiques de l\u2019animation ;<\/span><\/li>\n<li><span style=\"font-size: 1.8rem;\">Connaissance des fondements de la psychologie de l\u2019enfant, des r\u00e8gles d\u2019hygi\u00e8ne et de s\u00e9curit\u00e9, et de la r\u00e9glementation applicable aux accueils collectifs de mineurs ;<\/span><\/li>\n<li><span style=\"font-size: 1.8rem;\">Ma\u00eetrise des dispositifs de contractualisation avec les partenaires institutionnels (CAF, SDJES\u2026) ;<\/span><\/li>\n<li><span style=\"font-size: 1.8rem;\">Comp\u00e9tences manag\u00e9riales av\u00e9r\u00e9es ;<\/span><\/li>\n<li><span style=\"font-size: 1.8rem;\">Ma\u00eetrise de la m\u00e9thodologie de projet ;<\/span><\/li>\n<li><span style=\"font-size: 1.8rem;\">Capacit\u00e9s r\u00e9dactionnelle et orale, ainsi que relationnelle permettant d\u2019impulser une dynamique participative ;<\/span><\/li>\n<li><span style=\"font-size: 1.8rem;\">Excellente culture du service public, et adh\u00e9sion \u00e0 la strat\u00e9gie de l\u2019employeur ;<\/span><\/li>\n<li><span style=\"font-size: 1.8rem;\">Sens du partage et de l\u2019\u00e9coute reconnu.<\/span><\/li>\n<\/ul>\n<p><b>MISSIONS<\/b><b><\/b><\/p>\n<p>Professionnel.le de l\u2019animation socio-culturelle, vous \u00eates convaincue des enjeux pour un territoire de disposer d\u2019un projet qui participe \u00e0 construire de futures citoyennes et citoyens. Venez collaborer au projet \u00e9ducatif de la ville de Maromme au b\u00e9n\u00e9fice des enfants, des jeunes et de leurs familles !<br \/>\n<b>Sous la responsabilit\u00e9 hi\u00e9rarchique de la cheffe du service enfance-jeunesse, venez piloter, encadrer et g\u00e9rer une structure d\u2019accueil de loisirs, \u00e0 partir des orientations du projet \u00e9ducatif de la ville et des objectifs d\u00e9finis pour les temps extra-scolaires des enfants (mercredi et vacances).<\/b><b><\/b><\/p>\n<ul>\n<li>Vous pilotez l\u2019accueil de loisirs (ALSH), les dispositifs en direction de l\u2019enfance et de la jeunesse (3-13 ans) ;<\/li>\n<li><span style=\"font-size: 1.8rem;\">Vous organisez et planifiez les activit\u00e9s du centre de loisirs ;<\/span><\/li>\n<li><span style=\"font-size: 1.8rem;\">Vous \u00e9laborez, avec l\u2019\u00e9quipe d\u2019animation du centre, le projet p\u00e9dagogique de l\u2019ann\u00e9e.<\/span><\/li>\n<li><span style=\"font-size: 1.8rem;\">Vous animez, encadrez et pilotez l\u2019\u00e9quipe : planning (r\u00e9partition des t\u00e2ches, absences\u2026), formation, \u00e9valuation \u2026 ;<\/span><\/li>\n<li><span style=\"font-size: 1.8rem;\">Vous soutenez les agents dans la conduite de leurs projets et le management des \u00e9quipes d\u2019animation occasionnelle ;<\/span><\/li>\n<li><span style=\"font-size: 1.8rem;\">Vous pr\u00e9parez, participez et animez les r\u00e9unions de travail de pr\u00e9paration, de bilan (\u00e9quipe, secteur \u2026) ;<\/span><\/li>\n<li><span style=\"font-size: 1.8rem;\">Vous participez au recrutement des animateurs occasionnels.<\/span><\/li>\n<li><span style=\"font-size: 1.8rem;\">Vous g\u00e9rez, avec l\u2019\u00e9quipe d\u2019animation, les ressources dont dispose le centre ;<\/span><\/li>\n<li><span style=\"font-size: 1.8rem;\">Vous recensez les besoins et \u00e9laborez le budget pr\u00e9visionnel ;<\/span><\/li>\n<li><span style=\"font-size: 1.8rem;\">Vous appliquez et respectez la r\u00e9glementation en vigueur jeunesse et sport ;<\/span><\/li>\n<li><span style=\"font-size: 1.8rem;\">En partenariat avec le p\u00f4le technique, vous assurez le suivi et l\u2019entretien du b\u00e2timent accueillant le centre de loisirs.<\/span><\/li>\n<li><span style=\"font-size: 1.8rem;\">Vous assurez la s\u00e9curit\u00e9 physique et morale des enfants ;<\/span><\/li>\n<li><span style=\"font-size: 1.8rem;\">Vous informez, renseignez et soutenez les familles ;<\/span><\/li>\n<li><span style=\"font-size: 1.8rem;\">Vous \u00e9laborez une veille constante concernant les besoins de l\u2019enfance, et vous \u00e9laborez des propositions d\u2019actions pour r\u00e9pondre \u00e0 ces besoins.<\/span><\/li>\n<li><span style=\"font-size: 1.8rem;\">Vous participez aux projets crois\u00e9s avec d\u2019autres services de la collectivit\u00e9 : vie scolaire, solidarit\u00e9, sport, culture, vie associative.<\/span><\/li>\n<\/ul>\n<p>&nbsp;<\/p>\n<p><b>R\u00c9MUN\u00c9RATION ET AVANTAGES<\/b><b><\/b><\/p>\n<ul>\n<li>Temps complet annualis\u00e9<\/li>\n<li><span style=\"font-size: 1.8rem;\">R\u00e9mun\u00e9ration statutaire + RIFSEEP<\/span><\/li>\n<li><span style=\"font-size: 1.8rem;\">Tickets restaurant<\/span><\/li>\n<li><span style=\"font-size: 1.8rem;\">Participation employeur sant\u00e9<\/span><\/li>\n<li><span style=\"font-size: 1.8rem;\">Pr\u00e9voyance et garantie maintien de salaire<\/span><\/li>\n<li><span style=\"font-size: 1.8rem;\">Adh\u00e9sion au comit\u00e9 d\u2018\u0153uvres sociales (CNAS)<\/span><\/li>\n<li><span style=\"font-size: 1.8rem;\">Acc\u00e8s \u00e0 la formation professionnelle<\/span><\/li>\n<li><span style=\"font-size: 1.8rem;\">Forfait mobilit\u00e9 durable<\/span><\/li>\n<\/ul>\n<p>&nbsp;<\/p>\n<p><strong><em>Pour candidater, merci d\u2019adresser un CV et une lettre de motivation \u00e0 l\u2019attention de :<\/em><\/strong><\/p>\n<p>Monsieur le Maire David Lamiray<br \/>\nPlace Jean Jaur\u00e8s<br \/>\nBP 1095<br \/>\n76150 Maromme Cedex<\/p>\n<p>Ou par mail \u00e0 : <a href=\"mailto:Farida.smihi@maromme.fr\">Farida.smihi@maromme.fr<\/a><\/p>\n<p><b>Date limite de candidature : 22\/01\/2026<br \/>\n<\/b><b><\/b><b>Poste \u00e0 pourvoir d\u00e8s que possible<\/b><\/p>\n","protected":false},"excerpt":{"rendered":"<p>PR\u00c9SENTATION DU POSTE Dot\u00e9e d\u2019un Agenda 2030, la ville de Maromme est engag\u00e9e dans une transformation durable du territoire, pour b\u00e2tir une ville attractive et vivante, et d\u00e9ployer une terre de coh\u00e9sion sociale. Mobilis\u00e9e au service de la r\u00e9ussite \u00e9ducative et du bien-\u00eatre des jeunes marommais et marommaises, la ville accompagne les enfants de la&#8230; <\/p>\n<div class=\"link-more\"><a href=\"https:\/\/marommeactu.fr\/?p=23615\">En savoir plus<\/a><\/div>\n","protected":false},"author":1,"featured_media":22962,"comment_status":"closed","ping_status":"closed","sticky":false,"template":"","format":"standard","meta":{"footnotes":""},"categories":[9],"tags":[],"_links":{"self":[{"href":"https:\/\/marommeactu.fr\/index.php?rest_route=\/wp\/v2\/posts\/23615"}],"collection":[{"href":"https:\/\/marommeactu.fr\/index.php?rest_route=\/wp\/v2\/posts"}],"about":[{"href":"https:\/\/marommeactu.fr\/index.php?rest_route=\/wp\/v2\/types\/post"}],"author":[{"embeddable":true,"href":"https:\/\/marommeactu.fr\/index.php?rest_route=\/wp\/v2\/users\/1"}],"replies":[{"embeddable":true,"href":"https:\/\/marommeactu.fr\/index.php?rest_route=%2Fwp%2Fv2%2Fcomments&post=23615"}],"version-history":[{"count":1,"href":"https:\/\/marommeactu.fr\/index.php?rest_route=\/wp\/v2\/posts\/23615\/revisions"}],"predecessor-version":[{"id":23616,"href":"https:\/\/marommeactu.fr\/index.php?rest_route=\/wp\/v2\/posts\/23615\/revisions\/23616"}],"wp:featuredmedia":[{"embeddable":true,"href":"https:\/\/marommeactu.fr\/index.php?rest_route=\/wp\/v2\/media\/22962"}],"wp:attachment":[{"href":"https:\/\/marommeactu.fr\/index.php?rest_route=%2Fwp%2Fv2%2Fmedia&parent=23615"}],"wp:term":[{"taxonomy":"category","embeddable":true,"href":"https:\/\/marommeactu.fr\/index.php?rest_route=%2Fwp%2Fv2%2Fcategories&post=23615"},{"taxonomy":"post_tag","embeddable":true,"href":"https:\/\/marommeactu.fr\/index.php?rest_route=%2Fwp%2Fv2%2Ftags&post=23615"}],"curies":[{"name":"wp","href":"https:\/\/api.w.org\/{rel}","templated":true}]}}