{"id":23611,"date":"2025-12-29T10:29:52","date_gmt":"2025-12-29T09:29:52","guid":{"rendered":"https:\/\/marommeactu.fr\/?p=23611"},"modified":"2026-02-02T16:49:11","modified_gmt":"2026-02-02T15:49:11","slug":"offre-demploi-agent-de-restauration-daccompagnement-a-lenfant-et-de-proprete-des-locaux-en-ecole-maternelle-2","status":"archive","type":"post","link":"https:\/\/marommeactu.fr\/?p=23611","title":{"rendered":"[OFFRE D\u2019EMPLOI]\u00a0Agent de restauration, d&rsquo;accompagnement \u00e0 l&rsquo;enfant et de propret\u00e9 des locaux en \u00e9cole maternelle"},"content":{"rendered":"<p><b>PR\u00c9SENTATION DU POSTE<\/b><b><\/b><\/p>\n<p>La Ville de Maromme est mobilis\u00e9e au service de la r\u00e9ussite \u00e9ducative et du bien-\u00eatre des jeunes marommais et marommaises. Le service Vie Scolaire se mobilise chaque jour pour accompagner les enfants, soutenir les enseignants et les familles, et faire de la vie \u00e0 l\u2019\u00e9cole un moment agr\u00e9able et propice \u00e0 la d\u00e9couverte et \u00e0 l\u2019apprentissage.<\/p>\n<p><b>PROFIL RECHERCH\u00c9<\/b><b><\/b><\/p>\n<ul>\n<li>CAP Accompagnant \u00c9ducatif Petite Enfance<\/li>\n<li>Connaissances du rythme de d\u00e9veloppement de l\u2019enfant,<\/li>\n<li><span style=\"font-size: 1.8rem;\">Connaissances des modes de dosage et des techniques d\u2019utilisation des produits d\u2019entretien,<\/span><\/li>\n<li><span style=\"font-size: 1.8rem;\">Connaissances des r\u00e8gles d\u2019hygi\u00e8ne et de s\u00e9curit\u00e9 et notamment dans la restauration collectives (HACCP),<\/span><\/li>\n<li><span style=\"font-size: 1.8rem;\">Qualit\u00e9s relationnelles avec les enfants, les enseignants et l\u2019\u00e9quipe municipale,<\/span><\/li>\n<li><span style=\"font-size: 1.8rem;\">Discr\u00e9tion, patience, bienveillance, organisation,<\/span><\/li>\n<li><span style=\"font-size: 1.8rem;\">Motivation, dynamisme.<\/span><\/li>\n<\/ul>\n<p><b>MISSIONS<\/b><b><\/b><\/p>\n<p>Vous aurez pour mission d\u2019assister le personnel enseignant pour l\u2019accueil, l\u2019animation et l\u2019hygi\u00e8ne des enfants de 2 \u00e0 6 ans. Vous devrez \u00e9galement pr\u00e9parer et mettre en \u00e9tat de propret\u00e9 les locaux et les mat\u00e9riels utilis\u00e9s. Vous participerez \u00e0 la mise en place et au service restauration scolaire ou encadrerez et animerez les temps p\u00e9riscolaires.Rattach\u00e9 au P\u00f4le \u00c9ducation, vous serez plac\u00e9(e) sous l\u2019autorit\u00e9 directe de la cheffe du service de la Vie Scolaire. Durant les temps scolaires, vous vous conformerez \u00e0 l\u2019autorit\u00e9 du directeur ou de la directrice de l\u2019\u00e9tablissement dans le respect du fonctionnement int\u00e9rieur et de l\u2019organisation des temps d\u2019activit\u00e9s. Vous vous mettrez \u00e0 la disposition de l\u2019enseignant de la classe pour laquelle vous serez affect\u00e9(e).<span class=\"Apple-converted-space\">\u00a0<\/span><\/p>\n<p>Il vous sera demand\u00e9 de :<span class=\"Apple-converted-space\">\u00a0<\/span><\/p>\n<ul>\n<li>Accompagner l\u2019enfant dans son acquisition de l\u2019autonomie<\/li>\n<li><span style=\"font-size: 1.8rem;\">Assister l\u2019enseignant dans la pr\u00e9paration et\/ou l\u2019animation des activit\u00e9s p\u00e9dagogiques<\/span><\/li>\n<li><span style=\"font-size: 1.8rem;\">S\u00e9curise et entretenir le milieu dans lequel l\u2019enfant \u00e9volue (entretien des locaux et du mat\u00e9riel)<\/span><\/li>\n<li><span style=\"font-size: 1.8rem;\">Participer \u00e0 la mise en place et au service de restauration scolaire selon les r\u00e8gles d\u2019hygi\u00e8ne et de s\u00e9curit\u00e9 alimentaire<\/span><\/li>\n<li><span style=\"font-size: 1.8rem;\">Encadrer et animer par le biais d\u2019activit\u00e9 le service cour ou l\u2019accueil p\u00e9riscolaire du matin ou du soir<\/span><\/li>\n<\/ul>\n<p><b>R\u00c9MUN\u00c9RATION ET AVANTAGES<\/b><b><\/b><\/p>\n<p>Vous serez amen\u00e9(e) \u00e0 poser l\u2019int\u00e9gralit\u00e9 de vos cong\u00e9s durant les vacances scolaires afin de ne pas nuire au bon fonctionnement du service.<br \/>\nHoraires de travail\u00a0: lundi au vendredi de 07h00 \u00e0 17h00 ou de 08h15 \u00e0 18h15<br \/>\nLe poste \u00e0 pourvoir est un poste \u00e0 temps complet. Le temps de travail est annualis\u00e9.<\/p>\n<p>&nbsp;<\/p>\n<p><strong>Pour candidater, merci d\u2019adresser un CV et une lettre de motivation \u00e0 l\u2019attention de :<\/strong><\/p>\n<p>Monsieur le Maire David Lamiray<br \/>\nPlace Jean Jaur\u00e8s<br \/>\nBP 1095<br \/>\n76150 Maromme Cedex<\/p>\n<p>Ou par mail \u00e0 : <a href=\"mailto:Farida.smihi@maromme.fr\">Farida.smihi@maromme.fr<\/a><\/p>\n<p><b>Date limite de candidature : 22\/01\/2026<br \/>\n<\/b><b><\/b><b>Poste \u00e0 pourvoir \u00e0 partir du 01\/04\/2026<\/b><\/p>\n","protected":false},"excerpt":{"rendered":"<p>PR\u00c9SENTATION DU POSTE La Ville de Maromme est mobilis\u00e9e au service de la r\u00e9ussite \u00e9ducative et du bien-\u00eatre des jeunes marommais et marommaises. Le service Vie Scolaire se mobilise chaque jour pour accompagner les enfants, soutenir les enseignants et les familles, et faire de la vie \u00e0 l\u2019\u00e9cole un moment agr\u00e9able et propice \u00e0 la&#8230; <\/p>\n<div class=\"link-more\"><a href=\"https:\/\/marommeactu.fr\/?p=23611\">En savoir plus<\/a><\/div>\n","protected":false},"author":1,"featured_media":22962,"comment_status":"closed","ping_status":"closed","sticky":false,"template":"","format":"standard","meta":{"footnotes":""},"categories":[9],"tags":[],"_links":{"self":[{"href":"https:\/\/marommeactu.fr\/index.php?rest_route=\/wp\/v2\/posts\/23611"}],"collection":[{"href":"https:\/\/marommeactu.fr\/index.php?rest_route=\/wp\/v2\/posts"}],"about":[{"href":"https:\/\/marommeactu.fr\/index.php?rest_route=\/wp\/v2\/types\/post"}],"author":[{"embeddable":true,"href":"https:\/\/marommeactu.fr\/index.php?rest_route=\/wp\/v2\/users\/1"}],"replies":[{"embeddable":true,"href":"https:\/\/marommeactu.fr\/index.php?rest_route=%2Fwp%2Fv2%2Fcomments&post=23611"}],"version-history":[{"count":1,"href":"https:\/\/marommeactu.fr\/index.php?rest_route=\/wp\/v2\/posts\/23611\/revisions"}],"predecessor-version":[{"id":23612,"href":"https:\/\/marommeactu.fr\/index.php?rest_route=\/wp\/v2\/posts\/23611\/revisions\/23612"}],"wp:featuredmedia":[{"embeddable":true,"href":"https:\/\/marommeactu.fr\/index.php?rest_route=\/wp\/v2\/media\/22962"}],"wp:attachment":[{"href":"https:\/\/marommeactu.fr\/index.php?rest_route=%2Fwp%2Fv2%2Fmedia&parent=23611"}],"wp:term":[{"taxonomy":"category","embeddable":true,"href":"https:\/\/marommeactu.fr\/index.php?rest_route=%2Fwp%2Fv2%2Fcategories&post=23611"},{"taxonomy":"post_tag","embeddable":true,"href":"https:\/\/marommeactu.fr\/index.php?rest_route=%2Fwp%2Fv2%2Ftags&post=23611"}],"curies":[{"name":"wp","href":"https:\/\/api.w.org\/{rel}","templated":true}]}}