{"id":23528,"date":"2025-11-26T12:01:21","date_gmt":"2025-11-26T11:01:21","guid":{"rendered":"https:\/\/marommeactu.fr\/?p=23528"},"modified":"2026-02-02T16:49:06","modified_gmt":"2026-02-02T15:49:06","slug":"offre-demploi-responsable-de-police-municipale","status":"archive","type":"post","link":"https:\/\/marommeactu.fr\/?p=23528","title":{"rendered":"[OFFRE D&rsquo;EMPLOI] Responsable de police municipale"},"content":{"rendered":"<p class=\"p2\">Au sein d&rsquo;un service compos\u00e9 de cinq agents, sous l&rsquo;autorit\u00e9 du Maire, vous assurez l\u2019encadrement, la repr\u00e9sentation et l\u2019animation du service.<\/p>\n<p><b>PR\u00c9SENTATION DU POSTE<\/b><\/p>\n<p class=\"p2\">Vous encadrez et organisez l\u2019activit\u00e9 op\u00e9rationnelle :<\/p>\n<p class=\"p2\">&#8211; Organiser et d\u00e9finir les patrouilles et les activit\u00e9s quotidiennes (p\u00e9destre, VTT, moto, VL),<br \/>\n&#8211; Assurer le suivi du respect des missions assign\u00e9es,<br \/>\n&#8211; S\u2019assurer de l\u2019effectivit\u00e9 des missions de proximit\u00e9 et de contact avec la population,<br \/>\n&#8211; Proposer les plans op\u00e9rationnels,<br \/>\n&#8211; Participer \u00e0 la mise en place et la gestion budg\u00e9taire du service,<br \/>\n&#8211; Coordonner l\u2019activit\u00e9 administrative et op\u00e9rationnelle du service et des agents, dans le respect des missions qui vous sont confi\u00e9es par le Maire, conform\u00e9ment aux textes en vigueur aff\u00e9rents \u00e0 la Police Municipale,<\/p>\n<p><b>PROFIL RECHERCH\u00c9<\/b><\/p>\n<p class=\"p1\">&#8211; Vous justifiez d\u2019une exp\u00e9rience significative sur un poste d\u2019encadrement dans un service de Police municipale.<br \/>\n&#8211; Vous ma\u00eetrisez les outils informatiques, avez une bonne connaissance des dispositifs de pr\u00e9vention et s\u00e9curit\u00e9, de la l\u00e9gislation et de la r\u00e9glementation en vigueur, ainsi que des diff\u00e9rents partenaires institutionnels et de leurs missions.<br \/>\n&#8211; Votre sens de l\u2019organisation, votre disponibilit\u00e9, votre esprit d\u2019initiative et votre capacit\u00e9 \u00e0 travailler en \u00e9quipe sont autant d\u2019atouts pour r\u00e9ussir sur ce poste.<br \/>\n&#8211; Vous faites preuve de rigueur dans la r\u00e9daction et d\u2019un bon esprit relationnel, avec un v\u00e9ritable sens du service public.<br \/>\n&#8211; Reconnu pour votre dynamisme, votre diplomatie et votre capacit\u00e9 \u00e0 diriger une \u00e9quipe , vous \u00eates asserment\u00e9 et disposez des agr\u00e9ments n\u00e9cessaires au port d\u2019armes (PSA, LBD, GAIL, b\u00e2ton).<\/p>\n<p class=\"p1\"><em>Permis B valide. Permis A souhait\u00e9. Travail week-end et jours f\u00e9ri\u00e9s. Astreintes.<\/em><\/p>\n<p><b>MISSIONS<\/b><\/p>\n<p><strong>Vous encadrez et organisez l\u2019activit\u00e9 op\u00e9rationnelle<\/strong><br \/>\n&#8211; Organiser et d\u00e9finir les patrouilles et les activit\u00e9s quotidiennes (p\u00e9destre, VTT, moto, VL),<br \/>\n&#8211; Assurer le suivi du respect des missions assign\u00e9es,<br \/>\n&#8211; S\u2019assurer de l\u2019effectivit\u00e9 des missions de proximit\u00e9 et de contact avec la population,<br \/>\n&#8211; Proposer les plans op\u00e9rationnels,<br \/>\n&#8211; Participer \u00e0 la mise en place et la gestion budg\u00e9taire du service,<br \/>\n&#8211; Coordonner l\u2019activit\u00e9 administrative et op\u00e9rationnelle du service et des agents, dans le respect des missions qui vous sont confi\u00e9es par le Maire, conform\u00e9ment aux textes en vigueur aff\u00e9rents \u00e0 la Police Municipale,<\/p>\n<p><strong>Vous assurez la veille<\/strong><br \/>\n&#8211; Mener une veille administrative, juridique et d\u2019actualit\u00e9s dans vos champs de comp\u00e9tences,<br \/>\n&#8211; Assurer la qualit\u00e9 de la remont\u00e9e d\u2019activit\u00e9s aupr\u00e8s du Maire,<br \/>\n&#8211; Assurer la remont\u00e9e des \u00e9crits professionnels aupr\u00e8s des autorit\u00e9s,<br \/>\n&#8211; Rapporter les op\u00e9rations d\u2019urgence, au moyen des outils d\u00e9di\u00e9s.<\/p>\n<p><strong>Vous \u00eates en bonne condition physique<\/strong><br \/>\n&#8211; Organiser et participer activement aux formations, entra\u00eenements mis en place (armement cat B-C et D et GTPI),<br \/>\n&#8211; Travailler sur la voie publique en vue de remplir toutes les missions demand\u00e9es, quel que soit le vecteur.<\/p>\n<p>Vous travaillez en collaboration et transversalit\u00e9<br \/>\n&#8211; Coordonner le CLSPD de la ville et organiser les r\u00e9unions avec les partenaires de cette instance,<br \/>\n&#8211; Assurer la repr\u00e9sentation du service dans les diverses r\u00e9unions impliquant votre service,<br \/>\n&#8211; Collaborer avec l\u2019ensemble des partenaires internes et externes,<br \/>\n&#8211; Mener en collaboration avec d\u2019autres services municipaux, des actions de pr\u00e9ventions en direction de divers publics.<\/p>\n<p>&nbsp;<\/p>\n<p><b>R\u00c9MUN\u00c9RATION ET AVANTAGES<\/b><\/p>\n<p class=\"p2\">&#8211; R\u00e9mun\u00e9ration statutaire + RIFSEEP<br \/>\n&#8211; Tickets restaurant<br \/>\n&#8211; Participation employeur sant\u00e9<br \/>\n<span class=\"s2\">&#8211; <\/span>Pr\u00e9voyance et garantie maintien de salaire<br \/>\n&#8211; Adh\u00e9sion au comit\u00e9 d\u2018oeuvres sociales (CNAS)<br \/>\n<span class=\"s2\">&#8211; <\/span>Acc\u00e8s \u00e0 la formation professionnelle<br \/>\n&#8211; Forfait mobilit\u00e9 durable<\/p>\n<hr \/>\n<p>Pour candidater, merci d\u2019adresser un CV et une lettre de motivation \u00e0 l\u2019attention de :<\/p>\n<p>Monsieur le Maire David Lamiray<br \/>\nPlace Jean Jaur\u00e8s<br \/>\nBP 1095<br \/>\n76150 Maromme Cedex<\/p>\n<p>Ou par mail \u00e0 : farida.smihi@maromme.fr<\/p>\n<p><b>Date limite de candidature : 18\/12\/2025.<\/b><\/p>\n<p><strong>Poste \u00e0 pourvoir au 1er mai 2026.<\/strong><\/p>\n","protected":false},"excerpt":{"rendered":"<p>Au sein d&rsquo;un service compos\u00e9 de cinq agents, sous l&rsquo;autorit\u00e9 du Maire, vous assurez l\u2019encadrement, la repr\u00e9sentation et l\u2019animation du service. PR\u00c9SENTATION DU POSTE Vous encadrez et organisez l\u2019activit\u00e9 op\u00e9rationnelle : &#8211; Organiser et d\u00e9finir les patrouilles et les activit\u00e9s quotidiennes (p\u00e9destre, VTT, moto, VL), &#8211; Assurer le suivi du respect des missions assign\u00e9es, &#8211;&#8230; <\/p>\n<div class=\"link-more\"><a href=\"https:\/\/marommeactu.fr\/?p=23528\">En savoir plus<\/a><\/div>\n","protected":false},"author":1,"featured_media":22962,"comment_status":"closed","ping_status":"closed","sticky":false,"template":"","format":"standard","meta":{"footnotes":""},"categories":[9],"tags":[],"_links":{"self":[{"href":"https:\/\/marommeactu.fr\/index.php?rest_route=\/wp\/v2\/posts\/23528"}],"collection":[{"href":"https:\/\/marommeactu.fr\/index.php?rest_route=\/wp\/v2\/posts"}],"about":[{"href":"https:\/\/marommeactu.fr\/index.php?rest_route=\/wp\/v2\/types\/post"}],"author":[{"embeddable":true,"href":"https:\/\/marommeactu.fr\/index.php?rest_route=\/wp\/v2\/users\/1"}],"replies":[{"embeddable":true,"href":"https:\/\/marommeactu.fr\/index.php?rest_route=%2Fwp%2Fv2%2Fcomments&post=23528"}],"version-history":[{"count":1,"href":"https:\/\/marommeactu.fr\/index.php?rest_route=\/wp\/v2\/posts\/23528\/revisions"}],"predecessor-version":[{"id":23529,"href":"https:\/\/marommeactu.fr\/index.php?rest_route=\/wp\/v2\/posts\/23528\/revisions\/23529"}],"wp:featuredmedia":[{"embeddable":true,"href":"https:\/\/marommeactu.fr\/index.php?rest_route=\/wp\/v2\/media\/22962"}],"wp:attachment":[{"href":"https:\/\/marommeactu.fr\/index.php?rest_route=%2Fwp%2Fv2%2Fmedia&parent=23528"}],"wp:term":[{"taxonomy":"category","embeddable":true,"href":"https:\/\/marommeactu.fr\/index.php?rest_route=%2Fwp%2Fv2%2Fcategories&post=23528"},{"taxonomy":"post_tag","embeddable":true,"href":"https:\/\/marommeactu.fr\/index.php?rest_route=%2Fwp%2Fv2%2Ftags&post=23528"}],"curies":[{"name":"wp","href":"https:\/\/api.w.org\/{rel}","templated":true}]}}