{"id":2346,"date":"2017-08-28T09:08:11","date_gmt":"2017-08-28T07:08:11","guid":{"rendered":"http:\/\/marommeactu.fr\/?p=2346"},"modified":"2017-08-28T09:08:11","modified_gmt":"2017-08-28T07:08:11","slug":"chantiers-dete-35-les-amenagements-urbains","status":"publish","type":"post","link":"https:\/\/marommeactu.fr\/?p=2346","title":{"rendered":"Chantiers d\u2019\u00e9t\u00e9 (3\/5) : Les am\u00e9nagements urbains"},"content":{"rendered":"<p>Les \u00e9lus ont poursuivi leur tour de ville des chantiers de l&rsquo;\u00e9t\u00e9 en visitant celui des travaux pr\u00e9paratoires au futur am\u00e9nagement du carrefour en bas de la c\u00f4te de la Valette qui ne passent pas inaper\u00e7u.<br \/>\nConduit par les services de la M\u00e9tropole Rouen Normandie, l&rsquo;un des chantiers consiste \u00e0 consolider le r\u00e9seau d&rsquo;eau potable. La circulation devrait \u00eatre perturb\u00e9e jusqu&rsquo;au 22 septembre prochain.<\/p>\n<p><a href=\"http:\/\/marommeactu.fr\/wp-content\/uploads\/2017\/08\/MG_4577.jpg\"><img loading=\"lazy\" decoding=\"async\" class=\"alignnone size-large wp-image-2350\" src=\"http:\/\/marommeactu.fr\/wp-content\/uploads\/2017\/08\/MG_4577-1024x683.jpg\" alt=\"_MG_4577\" width=\"1000\" height=\"667\" srcset=\"https:\/\/marommeactu.fr\/wp-content\/uploads\/2017\/08\/MG_4577-1024x683.jpg 1024w, https:\/\/marommeactu.fr\/wp-content\/uploads\/2017\/08\/MG_4577-300x200.jpg 300w, https:\/\/marommeactu.fr\/wp-content\/uploads\/2017\/08\/MG_4577-768x512.jpg 768w, https:\/\/marommeactu.fr\/wp-content\/uploads\/2017\/08\/MG_4577-288x192.jpg 288w, https:\/\/marommeactu.fr\/wp-content\/uploads\/2017\/08\/MG_4577-960x640.jpg 960w, https:\/\/marommeactu.fr\/wp-content\/uploads\/2017\/08\/MG_4577-450x300.jpg 450w, https:\/\/marommeactu.fr\/wp-content\/uploads\/2017\/08\/MG_4577.jpg 1500w\" sizes=\"(max-width: 1000px) 100vw, 1000px\" \/><\/a><\/p>\n<p>L&rsquo;autre chantier, en l&rsquo;occurrence la d\u00e9construction de l&rsquo;ancien restaurant \u00ab\u00a0Le P\u00e9cos\u00a0\u00bb et du garage adjacent, d\u00e9voilant la for\u00eat, n&rsquo;aura \u00e9chapp\u00e9 \u00e0 personne. L&rsquo;espace va non seulement permettre la cr\u00e9ation d&rsquo;un carrefour \u00e0 feux mais aussi un am\u00e9nagement v\u00e9g\u00e9talis\u00e9 qualitatif en entr\u00e9e de ville et la fermeture de la rue du bout du Bosc.<\/p>\n<p><a href=\"http:\/\/marommeactu.fr\/wp-content\/uploads\/2017\/08\/MG_4273.jpg\"><img loading=\"lazy\" decoding=\"async\" class=\"alignnone size-large wp-image-2347\" src=\"http:\/\/marommeactu.fr\/wp-content\/uploads\/2017\/08\/MG_4273-1024x683.jpg\" alt=\"_MG_4273\" width=\"1000\" height=\"667\" srcset=\"https:\/\/marommeactu.fr\/wp-content\/uploads\/2017\/08\/MG_4273-1024x683.jpg 1024w, https:\/\/marommeactu.fr\/wp-content\/uploads\/2017\/08\/MG_4273-300x200.jpg 300w, https:\/\/marommeactu.fr\/wp-content\/uploads\/2017\/08\/MG_4273-768x512.jpg 768w, https:\/\/marommeactu.fr\/wp-content\/uploads\/2017\/08\/MG_4273-288x192.jpg 288w, https:\/\/marommeactu.fr\/wp-content\/uploads\/2017\/08\/MG_4273-960x640.jpg 960w, https:\/\/marommeactu.fr\/wp-content\/uploads\/2017\/08\/MG_4273-450x300.jpg 450w, https:\/\/marommeactu.fr\/wp-content\/uploads\/2017\/08\/MG_4273.jpg 1500w\" sizes=\"(max-width: 1000px) 100vw, 1000px\" \/><\/a><\/p>\n<p><a href=\"http:\/\/marommeactu.fr\/wp-content\/uploads\/2017\/08\/MG_4594.jpg\"><img loading=\"lazy\" decoding=\"async\" class=\"alignnone size-large wp-image-2351\" src=\"http:\/\/marommeactu.fr\/wp-content\/uploads\/2017\/08\/MG_4594-1024x683.jpg\" alt=\"_MG_4594\" width=\"1000\" height=\"667\" srcset=\"https:\/\/marommeactu.fr\/wp-content\/uploads\/2017\/08\/MG_4594-1024x683.jpg 1024w, https:\/\/marommeactu.fr\/wp-content\/uploads\/2017\/08\/MG_4594-300x200.jpg 300w, https:\/\/marommeactu.fr\/wp-content\/uploads\/2017\/08\/MG_4594-768x512.jpg 768w, https:\/\/marommeactu.fr\/wp-content\/uploads\/2017\/08\/MG_4594-288x192.jpg 288w, https:\/\/marommeactu.fr\/wp-content\/uploads\/2017\/08\/MG_4594-960x640.jpg 960w, https:\/\/marommeactu.fr\/wp-content\/uploads\/2017\/08\/MG_4594-450x300.jpg 450w, https:\/\/marommeactu.fr\/wp-content\/uploads\/2017\/08\/MG_4594.jpg 1500w\" sizes=\"(max-width: 1000px) 100vw, 1000px\" \/><\/a><br \/>\nPar ailleurs, \u00e0 la Maine, l&rsquo;installation de carrefour \u00e0 stop en entr\u00e9e de ville et sur la rue Daniel Auber a vocation d&rsquo;endiguer les vitesses excessives.<\/p>\n<p><a href=\"http:\/\/marommeactu.fr\/wp-content\/uploads\/2017\/08\/MG_4439.jpg\"><img loading=\"lazy\" decoding=\"async\" class=\"alignnone size-large wp-image-2348\" src=\"http:\/\/marommeactu.fr\/wp-content\/uploads\/2017\/08\/MG_4439-1024x683.jpg\" alt=\"_MG_4439\" width=\"1000\" height=\"667\" srcset=\"https:\/\/marommeactu.fr\/wp-content\/uploads\/2017\/08\/MG_4439-1024x683.jpg 1024w, https:\/\/marommeactu.fr\/wp-content\/uploads\/2017\/08\/MG_4439-300x200.jpg 300w, https:\/\/marommeactu.fr\/wp-content\/uploads\/2017\/08\/MG_4439-768x512.jpg 768w, https:\/\/marommeactu.fr\/wp-content\/uploads\/2017\/08\/MG_4439-288x192.jpg 288w, https:\/\/marommeactu.fr\/wp-content\/uploads\/2017\/08\/MG_4439-960x640.jpg 960w, https:\/\/marommeactu.fr\/wp-content\/uploads\/2017\/08\/MG_4439-450x300.jpg 450w, https:\/\/marommeactu.fr\/wp-content\/uploads\/2017\/08\/MG_4439.jpg 1500w\" sizes=\"(max-width: 1000px) 100vw, 1000px\" \/><\/a><\/p>\n<p>\u00c0 suivre \u2026\/\u2026<\/p>\n","protected":false},"excerpt":{"rendered":"<p>Les \u00e9lus ont poursuivi leur tour de ville des chantiers de l&rsquo;\u00e9t\u00e9 en visitant celui des travaux pr\u00e9paratoires au futur am\u00e9nagement du carrefour en bas de la c\u00f4te de la Valette qui ne passent pas inaper\u00e7u. Conduit par les services de la M\u00e9tropole Rouen Normandie, l&rsquo;un des chantiers consiste \u00e0 consolider le r\u00e9seau d&rsquo;eau potable&#8230;. <\/p>\n<div class=\"link-more\"><a href=\"https:\/\/marommeactu.fr\/?p=2346\">En savoir plus<\/a><\/div>\n","protected":false},"author":1,"featured_media":2352,"comment_status":"closed","ping_status":"closed","sticky":false,"template":"","format":"standard","meta":{"footnotes":""},"categories":[4],"tags":[],"_links":{"self":[{"href":"https:\/\/marommeactu.fr\/index.php?rest_route=\/wp\/v2\/posts\/2346"}],"collection":[{"href":"https:\/\/marommeactu.fr\/index.php?rest_route=\/wp\/v2\/posts"}],"about":[{"href":"https:\/\/marommeactu.fr\/index.php?rest_route=\/wp\/v2\/types\/post"}],"author":[{"embeddable":true,"href":"https:\/\/marommeactu.fr\/index.php?rest_route=\/wp\/v2\/users\/1"}],"replies":[{"embeddable":true,"href":"https:\/\/marommeactu.fr\/index.php?rest_route=%2Fwp%2Fv2%2Fcomments&post=2346"}],"version-history":[{"count":2,"href":"https:\/\/marommeactu.fr\/index.php?rest_route=\/wp\/v2\/posts\/2346\/revisions"}],"predecessor-version":[{"id":2354,"href":"https:\/\/marommeactu.fr\/index.php?rest_route=\/wp\/v2\/posts\/2346\/revisions\/2354"}],"wp:featuredmedia":[{"embeddable":true,"href":"https:\/\/marommeactu.fr\/index.php?rest_route=\/wp\/v2\/media\/2352"}],"wp:attachment":[{"href":"https:\/\/marommeactu.fr\/index.php?rest_route=%2Fwp%2Fv2%2Fmedia&parent=2346"}],"wp:term":[{"taxonomy":"category","embeddable":true,"href":"https:\/\/marommeactu.fr\/index.php?rest_route=%2Fwp%2Fv2%2Fcategories&post=2346"},{"taxonomy":"post_tag","embeddable":true,"href":"https:\/\/marommeactu.fr\/index.php?rest_route=%2Fwp%2Fv2%2Ftags&post=2346"}],"curies":[{"name":"wp","href":"https:\/\/api.w.org\/{rel}","templated":true}]}}