{"id":23237,"date":"2025-05-15T09:08:46","date_gmt":"2025-05-15T07:08:46","guid":{"rendered":"https:\/\/marommeactu.fr\/?p=23237"},"modified":"2025-06-23T11:05:18","modified_gmt":"2025-06-23T09:05:18","slug":"offre-demploi-responsable-de-service-des-equipements-sportifs-et-de-loisirs","status":"archive","type":"post","link":"https:\/\/marommeactu.fr\/?p=23237","title":{"rendered":"[OFFRE D&rsquo;EMPLOI] Responsable de service des \u00e9quipements sportifs et de loisirs"},"content":{"rendered":"<p>La Ville de Maromme, territoire dynamique de 11 024 habitants, au c\u0153ur de la M\u00e9tropole Rouen Normandie recrute un(e) Responsable du Service des Sports. Le projet municipal est engag\u00e9 dans une transformation durable du territoire, pour b\u00e2tir une ville attractive et vivante, et d\u00e9ployer une terre de coh\u00e9sion sociale. Riche de nombreux \u00e9quipements et infrastructures favorisant les activit\u00e9s culturelles, \u00e9ducatives et sportives pour les habitants, la Ville de Maromme dispose d&rsquo;un Projet Sportif de Territoire reconnu par trois lauriers du label Ville Active et Sportive 2022.<\/p>\n<p><b>PR\u00c9SENTATION DU POSTE<\/b><\/p>\n<p>Professionnel(le) impliqu\u00e9(e) et d\u00e9termin\u00e9(e), vous \u00eates convaincu(e) par les bienfaits de l\u2019activit\u00e9 physique et sportive pratiqu\u00e9e au quotidien. Vous \u00eates persuad\u00e9(e) que la mise en \u0153uvre de projets collectifs sera toujours plus efficace et pertinente. Vous b\u00e9n\u00e9ficiez d\u2019une connaissance av\u00e9r\u00e9e des \u00e9quipements sportifs et de leur fonctionnement, afin de garantir une qualit\u00e9 d\u2019accueil et de service \u00e0 destination des usagers.\u00a0Vous aimez les d\u00e9fis au service du plus grand nombre ! Venez int\u00e9grer la direction du P\u00f4le Sports, Vie Associative et \u00c9v\u00e8nementiel, au sein du Service des \u00c9quipements Sportifs et de Loisirs.<\/p>\n<p><strong><em>Sous l&rsquo;autorit\u00e9 du Directeur du P\u00f4le Sports, Vie Associative et \u00c9v\u00e8nementiel, votre mission principale est la gestion du Service des \u00c9quipements Sportifs et de Loisirs<\/em><\/strong><\/p>\n<p><b>PROFIL RECHERCH\u00c9<\/b><\/p>\n<p>Savoirs faire :<\/p>\n<p>&#8211; Ing\u00e9nierie technique de gestion d\u2019\u00e9quipements sportifs municipaux vari\u00e9s (gymnase, terrain de sport ext\u00e9rieurs, salles sp\u00e9cifiques, etc.),<br \/>\n&#8211; <span style=\"font-size: 1.8rem;\">Connaissance des normes de s\u00e9curit\u00e9 dans les \u00e9tablissements sportifs.<br \/>\n&#8211; Connaissances des activit\u00e9s physiques et sportives,<br \/>\n<\/span><span style=\"font-size: 1.8rem;\">&#8211; Connaissances de l&rsquo;environnement sportif (f\u00e9d\u00e9ral, institutionnel, associatif, etc.),<br \/>\n<\/span><span style=\"font-size: 1.8rem;\">&#8211; Conception et mise en \u0153uvre de projet, march\u00e9s publics et consultations CCTP,<br \/>\n<\/span><span style=\"font-size: 1.8rem;\">&#8211; Organisation et gestion de manifestations sportives.<\/span><\/p>\n<p>Savoir \u00eatre :<\/p>\n<p>&#8211; Dynamique et impliqu\u00e9(e),<br \/>\n<span style=\"font-size: 1.8rem;\">&#8211; Aptitude \u00e0 \u00eatre autonome, dans le respect des objectifs fix\u00e9s,<br \/>\n<\/span><span style=\"font-size: 1.8rem;\">&#8211; Savoir travailler de mani\u00e8re transversale et collaborative,<br \/>\n<\/span><span style=\"font-size: 1.8rem;\">&#8211; Capacit\u00e9 d\u2019anticipation et d\u2019organisation, sens des priorit\u00e9s, r\u00e9activit\u00e9,<br \/>\n<\/span><span style=\"font-size: 1.8rem;\">&#8211; Sens du service public,<br \/>\n<\/span><span style=\"font-size: 1.8rem;\">&#8211; Motivation, rigueur et bienveillance,<br \/>\n<\/span><span style=\"font-size: 1.8rem;\">&#8211; Sens de l\u2019\u00e9coute, qualit\u00e9s relationnelles,<br \/>\n<\/span><span style=\"font-size: 1.8rem;\">&#8211; Grande adaptabilit\u00e9 et disponibilit\u00e9.<\/span><\/p>\n<p><b>MISSIONS<\/b><\/p>\n<p>&#8211; Assurer l\u2019entretien, la maintenance et la mise \u00e0 disposition des \u00e9quipements sportifs,<br \/>\n<span style=\"font-size: 1.8rem;\">&#8211; Veiller \u00e0 l\u2019adaptation des infrastructures aux besoins des utilisateurs,<br \/>\n<\/span><span style=\"font-size: 1.8rem;\">&#8211; Superviser les plannings d\u2019utilisation des \u00e9quipements et veiller \u00e0 la disponibilit\u00e9 des installations,<br \/>\n<\/span><span style=\"font-size: 1.8rem;\">&#8211; D\u00e9terminer le cadre de fonctionnement des \u00e9quipements sportifs et de loisirs et le faire respecter,<br \/>\n<\/span><span style=\"font-size: 1.8rem;\">&#8211; Mener les projets de renouvellement d\u00e9s \u00e9quipements sportifs de la Ville en int\u00e9grant les enjeux de transition \u00e9cologique,<br \/>\n<\/span><span style=\"font-size: 1.8rem;\">&#8211; Manager une \u00e9quipe d\u2019agents en multisites avec la volont\u00e9 de cr\u00e9er une dynamique de groupe constructive,<br \/>\n<\/span><span style=\"font-size: 1.8rem;\">&#8211; Assurer l\u2019entretien et la maintenance des aires de jeux de la collectivit\u00e9,<br \/>\n<\/span><span style=\"font-size: 1.8rem;\">&#8211; Gestion de projet en fonction de la commande politique avec montage et suivi de march\u00e9s publics.<\/span><\/p>\n<p><b>R\u00c9MUN\u00c9RATION ET AVANTAGES<\/b><\/p>\n<p>&#8211; R\u00e9mun\u00e9ration statutaire + RIFSEEP<br \/>\n<span style=\"font-size: 1.8rem;\">&#8211; Tickets restaurant<br \/>\n<\/span><span style=\"font-size: 1.8rem;\">&#8211; Participation employeur sant\u00e9<br \/>\n<\/span><span style=\"font-size: 1.8rem;\">&#8211; Pr\u00e9voyance et garantie maintien de salaire<br \/>\n&#8211; <\/span><span style=\"font-size: 1.8rem;\">Adh\u00e9sion au comit\u00e9 d\u2019\u0153uvres sociales (CNAS)<br \/>\n<\/span><span style=\"font-size: 1.8rem;\">&#8211; Acc\u00e8s \u00e0 la formation professionnelle<br \/>\n<\/span><span style=\"font-size: 1.8rem;\">&#8211; Forfait mobilit\u00e9 durable<\/span><\/p>\n<hr \/>\n<p>Pour candidater, merci d\u2019adresser un CV et une lettre de motivation \u00e0 l\u2019attention de :<\/p>\n<p>Monsieur le Maire David Lamiray<br \/>\nPlace Jean Jaur\u00e8s<br \/>\nBP 1095<br \/>\n76150 Maromme Cedex<\/p>\n<p>Ou par mail \u00e0 : nora.raghibi@maromme.fr<\/p>\n<p><b>Date limite de candidature : 13\/06\/2025.<\/b><\/p>\n<p><strong>Poste \u00e0 pourvoir au 01\/09\/2025.<\/strong><\/p>\n","protected":false},"excerpt":{"rendered":"<p>La Ville de Maromme, territoire dynamique de 11 024 habitants, au c\u0153ur de la M\u00e9tropole Rouen Normandie recrute un(e) Responsable du Service des Sports. Le projet municipal est engag\u00e9 dans une transformation durable du territoire, pour b\u00e2tir une ville attractive et vivante, et d\u00e9ployer une terre de coh\u00e9sion sociale. Riche de nombreux \u00e9quipements et infrastructures&#8230; <\/p>\n<div class=\"link-more\"><a href=\"https:\/\/marommeactu.fr\/?p=23237\">En savoir plus<\/a><\/div>\n","protected":false},"author":1,"featured_media":22962,"comment_status":"closed","ping_status":"closed","sticky":false,"template":"","format":"standard","meta":{"footnotes":""},"categories":[4,9],"tags":[],"_links":{"self":[{"href":"https:\/\/marommeactu.fr\/index.php?rest_route=\/wp\/v2\/posts\/23237"}],"collection":[{"href":"https:\/\/marommeactu.fr\/index.php?rest_route=\/wp\/v2\/posts"}],"about":[{"href":"https:\/\/marommeactu.fr\/index.php?rest_route=\/wp\/v2\/types\/post"}],"author":[{"embeddable":true,"href":"https:\/\/marommeactu.fr\/index.php?rest_route=\/wp\/v2\/users\/1"}],"replies":[{"embeddable":true,"href":"https:\/\/marommeactu.fr\/index.php?rest_route=%2Fwp%2Fv2%2Fcomments&post=23237"}],"version-history":[{"count":3,"href":"https:\/\/marommeactu.fr\/index.php?rest_route=\/wp\/v2\/posts\/23237\/revisions"}],"predecessor-version":[{"id":23242,"href":"https:\/\/marommeactu.fr\/index.php?rest_route=\/wp\/v2\/posts\/23237\/revisions\/23242"}],"wp:featuredmedia":[{"embeddable":true,"href":"https:\/\/marommeactu.fr\/index.php?rest_route=\/wp\/v2\/media\/22962"}],"wp:attachment":[{"href":"https:\/\/marommeactu.fr\/index.php?rest_route=%2Fwp%2Fv2%2Fmedia&parent=23237"}],"wp:term":[{"taxonomy":"category","embeddable":true,"href":"https:\/\/marommeactu.fr\/index.php?rest_route=%2Fwp%2Fv2%2Fcategories&post=23237"},{"taxonomy":"post_tag","embeddable":true,"href":"https:\/\/marommeactu.fr\/index.php?rest_route=%2Fwp%2Fv2%2Ftags&post=23237"}],"curies":[{"name":"wp","href":"https:\/\/api.w.org\/{rel}","templated":true}]}}