{"id":2323,"date":"2017-08-25T09:32:50","date_gmt":"2017-08-25T07:32:50","guid":{"rendered":"http:\/\/marommeactu.fr\/?p=2323"},"modified":"2017-08-25T09:32:50","modified_gmt":"2017-08-25T07:32:50","slug":"chantiers-dete-25-les-ecoles","status":"publish","type":"post","link":"https:\/\/marommeactu.fr\/?p=2323","title":{"rendered":"Chantiers d&rsquo;\u00e9t\u00e9 (2\/5) :  Les \u00e9coles"},"content":{"rendered":"<p>Comme toujours, la p\u00e9riode estivale est propice aux am\u00e9nagements et \u00e0 l&rsquo;entretien des \u00e9coles.<\/p>\n<p><a href=\"http:\/\/marommeactu.fr\/wp-content\/uploads\/2017\/08\/MG_4410.jpg\"><img loading=\"lazy\" decoding=\"async\" class=\"alignnone size-large wp-image-2329\" src=\"http:\/\/marommeactu.fr\/wp-content\/uploads\/2017\/08\/MG_4410-683x1024.jpg\" alt=\"_MG_4410\" width=\"683\" height=\"1024\" srcset=\"https:\/\/marommeactu.fr\/wp-content\/uploads\/2017\/08\/MG_4410-683x1024.jpg 683w, https:\/\/marommeactu.fr\/wp-content\/uploads\/2017\/08\/MG_4410-200x300.jpg 200w, https:\/\/marommeactu.fr\/wp-content\/uploads\/2017\/08\/MG_4410-768x1152.jpg 768w\" sizes=\"(max-width: 683px) 100vw, 683px\" \/><\/a><br \/>\n\u00c0 Paul Fort (La Maine), la cour ext\u00e9rieure a enti\u00e8rement \u00e9t\u00e9 refaite avec la pose d&rsquo;un nouvel enrob\u00e9 et la reconfiguration des espaces verts. Un nouveau jeu viendra compl\u00e9ter ces am\u00e9nagements durant les prochaines vacances scolaires au mois d&rsquo;octobre.<\/p>\n<p><a href=\"http:\/\/marommeactu.fr\/wp-content\/uploads\/2017\/08\/MG_4661.jpg\"><img loading=\"lazy\" decoding=\"async\" class=\"alignnone size-large wp-image-2327\" src=\"http:\/\/marommeactu.fr\/wp-content\/uploads\/2017\/08\/MG_4661-1024x683.jpg\" alt=\"_MG_4661\" width=\"1000\" height=\"667\" srcset=\"https:\/\/marommeactu.fr\/wp-content\/uploads\/2017\/08\/MG_4661-1024x683.jpg 1024w, https:\/\/marommeactu.fr\/wp-content\/uploads\/2017\/08\/MG_4661-300x200.jpg 300w, https:\/\/marommeactu.fr\/wp-content\/uploads\/2017\/08\/MG_4661-768x512.jpg 768w, https:\/\/marommeactu.fr\/wp-content\/uploads\/2017\/08\/MG_4661-288x192.jpg 288w, https:\/\/marommeactu.fr\/wp-content\/uploads\/2017\/08\/MG_4661-960x640.jpg 960w, https:\/\/marommeactu.fr\/wp-content\/uploads\/2017\/08\/MG_4661-450x300.jpg 450w, https:\/\/marommeactu.fr\/wp-content\/uploads\/2017\/08\/MG_4661.jpg 1500w\" sizes=\"(max-width: 1000px) 100vw, 1000px\" \/><\/a><br \/>\n\u00c0 l&rsquo;int\u00e9rieur de l&rsquo;\u00e9cole, des travaux de peinture et de plomberie autour du r\u00e9fectoire ont \u00e9t\u00e9 men\u00e9s ainsi que le remplacement de menuiseries int\u00e9rieures.<\/p>\n<p><a href=\"http:\/\/marommeactu.fr\/wp-content\/uploads\/2017\/08\/MG_4635.jpg\"><img loading=\"lazy\" decoding=\"async\" class=\"alignnone size-large wp-image-2325\" src=\"http:\/\/marommeactu.fr\/wp-content\/uploads\/2017\/08\/MG_4635-1024x683.jpg\" alt=\"_MG_4635\" width=\"1000\" height=\"667\" srcset=\"https:\/\/marommeactu.fr\/wp-content\/uploads\/2017\/08\/MG_4635-1024x683.jpg 1024w, https:\/\/marommeactu.fr\/wp-content\/uploads\/2017\/08\/MG_4635-300x200.jpg 300w, https:\/\/marommeactu.fr\/wp-content\/uploads\/2017\/08\/MG_4635-768x512.jpg 768w, https:\/\/marommeactu.fr\/wp-content\/uploads\/2017\/08\/MG_4635-288x192.jpg 288w, https:\/\/marommeactu.fr\/wp-content\/uploads\/2017\/08\/MG_4635-960x640.jpg 960w, https:\/\/marommeactu.fr\/wp-content\/uploads\/2017\/08\/MG_4635-450x300.jpg 450w, https:\/\/marommeactu.fr\/wp-content\/uploads\/2017\/08\/MG_4635.jpg 1500w\" sizes=\"(max-width: 1000px) 100vw, 1000px\" \/><\/a><br \/>\nDans les autres \u00e9coles, la r\u00e9fection en peinture de plusieurs salles ont \u00e9t\u00e9 men\u00e9es, comme par exemple la salle motricit\u00e9 \u00e0 l&rsquo;\u00e9cole maternelle Th\u00e9r\u00e8se Delbos, la salle de jeux des \u00e9coles Lucie Delarue-Mardrus et Robert Desnos ainsi que des salles de classe.<\/p>\n<p><a href=\"http:\/\/marommeactu.fr\/wp-content\/uploads\/2017\/08\/MG_4463.jpg\"><img loading=\"lazy\" decoding=\"async\" class=\"alignnone size-large wp-image-2326\" src=\"http:\/\/marommeactu.fr\/wp-content\/uploads\/2017\/08\/MG_4463-1024x683.jpg\" alt=\"_MG_4463\" width=\"1000\" height=\"667\" srcset=\"https:\/\/marommeactu.fr\/wp-content\/uploads\/2017\/08\/MG_4463-1024x683.jpg 1024w, https:\/\/marommeactu.fr\/wp-content\/uploads\/2017\/08\/MG_4463-300x200.jpg 300w, https:\/\/marommeactu.fr\/wp-content\/uploads\/2017\/08\/MG_4463-768x512.jpg 768w, https:\/\/marommeactu.fr\/wp-content\/uploads\/2017\/08\/MG_4463-288x192.jpg 288w, https:\/\/marommeactu.fr\/wp-content\/uploads\/2017\/08\/MG_4463-960x640.jpg 960w, https:\/\/marommeactu.fr\/wp-content\/uploads\/2017\/08\/MG_4463-450x300.jpg 450w, https:\/\/marommeactu.fr\/wp-content\/uploads\/2017\/08\/MG_4463.jpg 1500w\" sizes=\"(max-width: 1000px) 100vw, 1000px\" \/><\/a><\/p>\n<p>\u00c0 l&rsquo;\u00e9cole Gustave Flaubert, outre la r\u00e9novation en peinture d&rsquo;un escalier et d&rsquo;une salle de classe, le mur ciment ext\u00e9rieur a \u00e9t\u00e9 d\u00e9moli pour laisser place \u00e0 un grillage. Ce nouvel agencement offre une belle perspective sur la m\u00e9diath\u00e8que depuis l&rsquo;\u00e9cole municipale de musique. Il s&rsquo;inscrit dans la continuit\u00e9 des nombreux travaux visant \u00e0 ouvrir les espaces publiques (coul\u00e9e verte, parvis de l&rsquo;espace Beaumarchais, etc\u2026).<\/p>\n<p><a href=\"http:\/\/marommeactu.fr\/wp-content\/uploads\/2017\/08\/MG_4468.jpg\"><img loading=\"lazy\" decoding=\"async\" class=\"alignnone size-large wp-image-2324\" src=\"http:\/\/marommeactu.fr\/wp-content\/uploads\/2017\/08\/MG_4468-1024x683.jpg\" alt=\"_MG_4468\" width=\"1000\" height=\"667\" srcset=\"https:\/\/marommeactu.fr\/wp-content\/uploads\/2017\/08\/MG_4468-1024x683.jpg 1024w, https:\/\/marommeactu.fr\/wp-content\/uploads\/2017\/08\/MG_4468-300x200.jpg 300w, https:\/\/marommeactu.fr\/wp-content\/uploads\/2017\/08\/MG_4468-768x512.jpg 768w, https:\/\/marommeactu.fr\/wp-content\/uploads\/2017\/08\/MG_4468-288x192.jpg 288w, https:\/\/marommeactu.fr\/wp-content\/uploads\/2017\/08\/MG_4468-960x640.jpg 960w, https:\/\/marommeactu.fr\/wp-content\/uploads\/2017\/08\/MG_4468-450x300.jpg 450w, https:\/\/marommeactu.fr\/wp-content\/uploads\/2017\/08\/MG_4468.jpg 1500w\" sizes=\"(max-width: 1000px) 100vw, 1000px\" \/><\/a><\/p>\n<p>\u00c0 suivre\u2026\/\u2026<\/p>\n","protected":false},"excerpt":{"rendered":"<p>Comme toujours, la p\u00e9riode estivale est propice aux am\u00e9nagements et \u00e0 l&rsquo;entretien des \u00e9coles. \u00c0 Paul Fort (La Maine), la cour ext\u00e9rieure a enti\u00e8rement \u00e9t\u00e9 refaite avec la pose d&rsquo;un nouvel enrob\u00e9 et la reconfiguration des espaces verts. Un nouveau jeu viendra compl\u00e9ter ces am\u00e9nagements durant les prochaines vacances scolaires au mois d&rsquo;octobre. \u00c0 l&rsquo;int\u00e9rieur&#8230; <\/p>\n<div class=\"link-more\"><a href=\"https:\/\/marommeactu.fr\/?p=2323\">En savoir plus<\/a><\/div>\n","protected":false},"author":1,"featured_media":2332,"comment_status":"closed","ping_status":"closed","sticky":false,"template":"","format":"standard","meta":{"footnotes":""},"categories":[4],"tags":[],"_links":{"self":[{"href":"https:\/\/marommeactu.fr\/index.php?rest_route=\/wp\/v2\/posts\/2323"}],"collection":[{"href":"https:\/\/marommeactu.fr\/index.php?rest_route=\/wp\/v2\/posts"}],"about":[{"href":"https:\/\/marommeactu.fr\/index.php?rest_route=\/wp\/v2\/types\/post"}],"author":[{"embeddable":true,"href":"https:\/\/marommeactu.fr\/index.php?rest_route=\/wp\/v2\/users\/1"}],"replies":[{"embeddable":true,"href":"https:\/\/marommeactu.fr\/index.php?rest_route=%2Fwp%2Fv2%2Fcomments&post=2323"}],"version-history":[{"count":1,"href":"https:\/\/marommeactu.fr\/index.php?rest_route=\/wp\/v2\/posts\/2323\/revisions"}],"predecessor-version":[{"id":2331,"href":"https:\/\/marommeactu.fr\/index.php?rest_route=\/wp\/v2\/posts\/2323\/revisions\/2331"}],"wp:featuredmedia":[{"embeddable":true,"href":"https:\/\/marommeactu.fr\/index.php?rest_route=\/wp\/v2\/media\/2332"}],"wp:attachment":[{"href":"https:\/\/marommeactu.fr\/index.php?rest_route=%2Fwp%2Fv2%2Fmedia&parent=2323"}],"wp:term":[{"taxonomy":"category","embeddable":true,"href":"https:\/\/marommeactu.fr\/index.php?rest_route=%2Fwp%2Fv2%2Fcategories&post=2323"},{"taxonomy":"post_tag","embeddable":true,"href":"https:\/\/marommeactu.fr\/index.php?rest_route=%2Fwp%2Fv2%2Ftags&post=2323"}],"curies":[{"name":"wp","href":"https:\/\/api.w.org\/{rel}","templated":true}]}}