{"id":2311,"date":"2017-08-24T10:55:13","date_gmt":"2017-08-24T08:55:13","guid":{"rendered":"http:\/\/marommeactu.fr\/?p=2311"},"modified":"2017-08-24T10:55:13","modified_gmt":"2017-08-24T08:55:13","slug":"chantiers-dete-15-la-coulee-verte","status":"publish","type":"post","link":"https:\/\/marommeactu.fr\/?p=2311","title":{"rendered":"Chantiers d&rsquo;\u00e9t\u00e9 (1\/5) :  La coul\u00e9e verte"},"content":{"rendered":"<p>Comme chaque \u00e9t\u00e9 \u00e0 la veille de la rentr\u00e9e, David Lamiray, entour\u00e9 d&rsquo;\u00e9lus, proc\u00e8de \u00e0 un tour de ville des chantiers en cours ou r\u00e9alis\u00e9s. L&rsquo;occasion d&rsquo;un point d&rsquo;\u00e9tape de l&rsquo;ann\u00e9e en cours.<\/p>\n<p><strong>La coul\u00e9e verte<\/strong><\/p>\n<p>Projet phare et geste fort de ce mandat, la coul\u00e9e verte se dessine peu \u00e0 peu. Elle a vocation \u00e0 offrir, en plein coeur de ville, une trame v\u00e9g\u00e9tale permettant de relier la rue du 8 mai \u00e0 la demi-lune par un cheminement pi\u00e9tonnier. Pour l&rsquo;\u00e9quipe municipale, il s&rsquo;agit de redonner pleinement la place aux pi\u00e9tons et am\u00e9liorer qualitativement le cadre de vie.<\/p>\n<p><a href=\"http:\/\/marommeactu.fr\/wp-content\/uploads\/2017\/08\/MG_4077.jpg\"><img loading=\"lazy\" decoding=\"async\" class=\"alignnone  wp-image-2314\" src=\"http:\/\/marommeactu.fr\/wp-content\/uploads\/2017\/08\/MG_4077-1024x683.jpg\" alt=\"_MG_4077\" width=\"681\" height=\"552\" \/><\/a> <a href=\"http:\/\/marommeactu.fr\/wp-content\/uploads\/2017\/08\/MG_4451.jpg\"><img loading=\"lazy\" decoding=\"async\" class=\"alignnone size-large wp-image-2315\" src=\"http:\/\/marommeactu.fr\/wp-content\/uploads\/2017\/08\/MG_4451-683x1024.jpg\" alt=\"_MG_4451\" width=\"683\" height=\"1024\" srcset=\"https:\/\/marommeactu.fr\/wp-content\/uploads\/2017\/08\/MG_4451-683x1024.jpg 683w, https:\/\/marommeactu.fr\/wp-content\/uploads\/2017\/08\/MG_4451-200x300.jpg 200w, https:\/\/marommeactu.fr\/wp-content\/uploads\/2017\/08\/MG_4451-768x1152.jpg 768w, https:\/\/marommeactu.fr\/wp-content\/uploads\/2017\/08\/MG_4451.jpg 1200w\" sizes=\"(max-width: 683px) 100vw, 683px\" \/><\/a><br \/>\nCet \u00e9t\u00e9, le square de Norderstedt a de nouveau \u00e9t\u00e9 agrandi avec un alignement \u00e0 la rue de Verdun. La d\u00e9construction de deux habitations entre les places Jean Jaur\u00e8s et Saint Just va permettre l&rsquo;extension de la pommeraie et \u00e9tendre une fois de plus le square. Dans la continuit\u00e9, dans quelques semaines, deux autres habitations seront d\u00e9construites rue de la R\u00e9publique. Ce nouvel espace va permettre non seulement la cr\u00e9ation d&rsquo;un parvis devant l&rsquo;\u00e9glise mais aussi et surtout de prolonger le cheminement entre le square de Norderstedt et la promenade de l&rsquo;abb\u00e9 Gr\u00e9goire.<\/p>\n<p><a href=\"http:\/\/marommeactu.fr\/wp-content\/uploads\/2017\/08\/MG_4492.jpg\"><img loading=\"lazy\" decoding=\"async\" class=\"alignnone  wp-image-2313\" src=\"http:\/\/marommeactu.fr\/wp-content\/uploads\/2017\/08\/MG_4492-1024x683.jpg\" alt=\"_MG_4492\" width=\"672\" height=\"470\" \/><\/a><\/p>\n<p><a href=\"http:\/\/marommeactu.fr\/wp-content\/uploads\/2017\/08\/MG_4499.jpg\"><img loading=\"lazy\" decoding=\"async\" class=\"alignnone  wp-image-2316\" src=\"http:\/\/marommeactu.fr\/wp-content\/uploads\/2017\/08\/MG_4499-1024x683.jpg\" alt=\"_MG_4499\" width=\"673\" height=\"399\" \/><\/a><br \/>\n\u00c0 ce projet d&rsquo;itin\u00e9raires favorisant les d\u00e9placements doux s&rsquo;ajoute celui de la piste cyclable, qui cheminera le long du Cailly (Coul\u00e9e bleue). Cet \u00e9t\u00e9, les services de la M\u00e9tropole Rouen Normandie ont finalis\u00e9 la premi\u00e8re tranche de cette derni\u00e8re avec la r\u00e9alisation d&rsquo;un garde-corps au bord du Cailly, dans le quartier Dumont dUrville.<\/p>\n<p><a href=\"http:\/\/marommeactu.fr\/wp-content\/uploads\/2017\/08\/MG_4538.jpg\"><img loading=\"lazy\" decoding=\"async\" class=\"alignnone  wp-image-2312\" src=\"http:\/\/marommeactu.fr\/wp-content\/uploads\/2017\/08\/MG_4538-1024x683.jpg\" alt=\"_MG_4538\" width=\"674\" height=\"442\" \/><\/a><\/p>\n<p>\u00c0 suivre\u2026\/\u2026<\/p>\n","protected":false},"excerpt":{"rendered":"<p>Comme chaque \u00e9t\u00e9 \u00e0 la veille de la rentr\u00e9e, David Lamiray, entour\u00e9 d&rsquo;\u00e9lus, proc\u00e8de \u00e0 un tour de ville des chantiers en cours ou r\u00e9alis\u00e9s. L&rsquo;occasion d&rsquo;un point d&rsquo;\u00e9tape de l&rsquo;ann\u00e9e en cours. La coul\u00e9e verte Projet phare et geste fort de ce mandat, la coul\u00e9e verte se dessine peu \u00e0 peu. Elle a vocation&#8230; <\/p>\n<div class=\"link-more\"><a href=\"https:\/\/marommeactu.fr\/?p=2311\">En savoir plus<\/a><\/div>\n","protected":false},"author":1,"featured_media":2317,"comment_status":"closed","ping_status":"closed","sticky":false,"template":"","format":"standard","meta":{"footnotes":""},"categories":[4],"tags":[],"_links":{"self":[{"href":"https:\/\/marommeactu.fr\/index.php?rest_route=\/wp\/v2\/posts\/2311"}],"collection":[{"href":"https:\/\/marommeactu.fr\/index.php?rest_route=\/wp\/v2\/posts"}],"about":[{"href":"https:\/\/marommeactu.fr\/index.php?rest_route=\/wp\/v2\/types\/post"}],"author":[{"embeddable":true,"href":"https:\/\/marommeactu.fr\/index.php?rest_route=\/wp\/v2\/users\/1"}],"replies":[{"embeddable":true,"href":"https:\/\/marommeactu.fr\/index.php?rest_route=%2Fwp%2Fv2%2Fcomments&post=2311"}],"version-history":[{"count":2,"href":"https:\/\/marommeactu.fr\/index.php?rest_route=\/wp\/v2\/posts\/2311\/revisions"}],"predecessor-version":[{"id":2319,"href":"https:\/\/marommeactu.fr\/index.php?rest_route=\/wp\/v2\/posts\/2311\/revisions\/2319"}],"wp:featuredmedia":[{"embeddable":true,"href":"https:\/\/marommeactu.fr\/index.php?rest_route=\/wp\/v2\/media\/2317"}],"wp:attachment":[{"href":"https:\/\/marommeactu.fr\/index.php?rest_route=%2Fwp%2Fv2%2Fmedia&parent=2311"}],"wp:term":[{"taxonomy":"category","embeddable":true,"href":"https:\/\/marommeactu.fr\/index.php?rest_route=%2Fwp%2Fv2%2Fcategories&post=2311"},{"taxonomy":"post_tag","embeddable":true,"href":"https:\/\/marommeactu.fr\/index.php?rest_route=%2Fwp%2Fv2%2Ftags&post=2311"}],"curies":[{"name":"wp","href":"https:\/\/api.w.org\/{rel}","templated":true}]}}