{"id":23046,"date":"2025-02-18T09:34:41","date_gmt":"2025-02-18T08:34:41","guid":{"rendered":"https:\/\/marommeactu.fr\/?p=23046"},"modified":"2025-03-06T11:45:05","modified_gmt":"2025-03-06T10:45:05","slug":"semaine-nationale-de-la-petite-enfance-programme-2025","status":"publish","type":"post","link":"https:\/\/marommeactu.fr\/?p=23046","title":{"rendered":"Semaine Nationale de la Petite Enfance &#8211; Programme 2025"},"content":{"rendered":"<p><a href=\"http:\/\/marommeactu.fr\/wp-content\/uploads\/2025\/02\/logo-semaine-petite-enfance.png\"><img loading=\"lazy\" decoding=\"async\" class=\"aligncenter wp-image-23059\" src=\"http:\/\/marommeactu.fr\/wp-content\/uploads\/2025\/02\/logo-semaine-petite-enfance.png\" alt=\"\" width=\"952\" height=\"258\" srcset=\"https:\/\/marommeactu.fr\/wp-content\/uploads\/2025\/02\/logo-semaine-petite-enfance.png 1754w, https:\/\/marommeactu.fr\/wp-content\/uploads\/2025\/02\/logo-semaine-petite-enfance-300x81.png 300w, https:\/\/marommeactu.fr\/wp-content\/uploads\/2025\/02\/logo-semaine-petite-enfance-1024x278.png 1024w, https:\/\/marommeactu.fr\/wp-content\/uploads\/2025\/02\/logo-semaine-petite-enfance-768x208.png 768w, https:\/\/marommeactu.fr\/wp-content\/uploads\/2025\/02\/logo-semaine-petite-enfance-1536x417.png 1536w, https:\/\/marommeactu.fr\/wp-content\/uploads\/2025\/02\/logo-semaine-petite-enfance-600x163.png 600w\" sizes=\"(max-width: 952px) 100vw, 952px\" \/><\/a><\/p>\n<p style=\"text-align: center;\"><em><strong>Maromme participe cette ann\u00e9e \u00e0 la semaine nationale de la petite enfance ! <\/strong><\/em><br \/>\n<em><strong>Avec pour th\u00e8me \u00ab\u00a0Encore ! Jouer \u00e0 l&rsquo;infini\u00a0\u00bb, ce temps d\u00e9di\u00e9 aux tout-petits s&rsquo;annonce haut en couleur !<\/strong><\/em><\/p>\n<h3><strong>Au programme :<\/strong><\/h3>\n<p><strong>LUNDI 17 MARS :<\/strong><\/p>\n<ul>\n<li><strong>Go\u00fbter d&rsquo;ouverture et Bougeoth\u00e8que<br \/>\n<\/strong>Venez profiter d&rsquo;un espace am\u00e9nag\u00e9 pour vos enfants autour du mouvement. Un petit go\u00fbter sera \u00e9galement propos\u00e9 pour f\u00eater l&rsquo;ouverture de la semaine de la petite enfance \u00e0 Maromme ! <em>Pour les enfants de 0 \u00e0 6 ans.<\/em><br \/>\n<b><\/b><i>16H-18H &#8211; <\/i><i>Centre de Loisirs<\/i><\/li>\n<\/ul>\n<p><strong>MARDI 18 MARS :<\/strong><\/p>\n<ul>\n<li><strong>Atelier Massage B\u00e9b\u00e9<\/strong><br \/>\nLe massage pour b\u00e9b\u00e9 est l&rsquo;art d&rsquo;utiliser le toucher nourrissant afin de communiquer avec son enfant; lui montrer qu&rsquo;il est aim\u00e9, accueilli et respect\u00e9. Le massage est un moyen de cr\u00e9er un lien d&rsquo;attachement pr\u00e9coce avec son b\u00e9b\u00e9 dont les b\u00e9n\u00e9fices sont \u00e9motionnels et physiques. L&rsquo;atelier a pour objectif d&rsquo;initier les parents au massage bien-\u00eatre de leur b\u00e9b\u00e9 via la pr\u00e9sentation de deux techniques de massage : contenant et gliss\u00e9. <em>Pour les enfants de la naissance jusqu&rsquo;\u00e0 la marche et futurs parents.\u00a0<\/em><br \/>\n<em><em><em>9H-10H \/ 10H-11H &#8211; Les Petites Pousses (Lieu d&rsquo;Accueil Enfants-Parents), 23 rue de l&rsquo;\u00c9glise.<\/em><\/em><\/em><\/li>\n<li><strong>Caf\u00e9 des Parents\u00a0<\/strong><br \/>\nVous avez des questions concernant vos enfants, vos pratiques, ou vous souhaitez simplement venir parler ? Le service petite enfance de la ville de Maromme s&rsquo;associe \u00e0 l&rsquo;association Emergence-s pour vous proposer un temps d&rsquo;\u00e9change autour d&rsquo;un caf\u00e9 ou d&rsquo;un th\u00e9.<br \/>\n<em><em><em>9H30-10H30 &#8211; Salle Jeanne Thibaux<\/em><\/em><\/em><\/li>\n<li><strong>Atelier Arts Plastiques<\/strong><br \/>\nM\u00eame les touts petits peuvent cr\u00e9er de grandes oeuvres ! Emmanuelle Halgand propose un atelier artistique pour les plus jeunes. <em>Pour les enfants de 0 \u00e0 3 ans.<\/em><br \/>\n<em>14H-16H &#8211; Relais Petite Enfance<\/em><\/li>\n<\/ul>\n<p><strong>MERCREDI 19 MARS :<\/strong><\/p>\n<ul>\n<li><strong>Mini exposition, spectacles et atelier graphique<\/strong><br \/>\nLa Compagnie des Gros Ours vous proposera \u00ab\u00a0Tapis Volant\u00a0\u00bb, un spectacle \u00e0 r\u00e9action libre pour les tout-petits de 0 \u00e0 3 ans.<br \/>\nVous serez \u00e9galement invit\u00e9 \u00e0 participer \u00e0 la r\u00e9alisation d&rsquo;une fresque en jouant sur les formes et les mati\u00e8res inspir\u00e9e du travail du plasticien Herv\u00e9 Tullet.<br \/>\nEnfin, l&rsquo;exposition \u00ab\u00a0Ma Maison\u00a0\u00bb, inspir\u00e9e de l&rsquo;album de Julia Chausson sera install\u00e9e. <em>Pour les enfants de 0 \u00e0 6 ans (spectacle \u00e0 destination des 0-3 ans).<\/em><br \/>\n<em>9H30-10H \/ 11H-11H30 &#8211; La Canop\u00e9e<\/em><\/li>\n<li><strong>Atelier cr\u00e9atif<\/strong><br \/>\nLucile vous invite \u00e0 la rejoindre lors d&rsquo;un activit\u00e9 manuelle autour du papier dans tous ses \u00e9tats et sous toutes ses formes ! <em>Ouvert \u00e0 tous.<\/em><br \/>\n<em>14H-16H &#8211; La Canop\u00e9e<br \/>\n<\/em><\/li>\n<\/ul>\n<p><strong>JEUDI 20 MARS :<\/strong><\/p>\n<ul>\n<li><strong>Atelier lecture individualis\u00e9e<\/strong><br \/>\nDe mani\u00e8re ludique, chaque enfant dans le groupe peut \u00e9couter le r\u00e9cit du livre qu\u2019il a lui-m\u00eame choisi, et cette lecture est r\u00e9p\u00e9t\u00e9e autant de fois qu\u2019il la redemande. On reproduit ainsi les bienfaits d\u2019un premier contact avec les livres, selon les propres choix de l\u2019enfant. <em>Pour les enfants de 0 \u00e0 6 ans.<\/em><br \/>\n<em>9H-11H30 &#8211; Les Petites Pousses (Lieu d&rsquo;Accueil Enfants-Parents), 23 rue de l&rsquo;\u00c9glise.<br \/>\n<\/em><\/li>\n<li><strong>La Grande Lessive : \u00a0\u00bb Du papier, des papiers, vos papiers\u00a0\u00bb !<\/strong><br \/>\nParticipez \u00e0 la Grande Lessive, un \u00e9v\u00e9nement artistique partag\u00e9 pour faire sortir l&rsquo;art dans la rue ! Affichez vos oeuvres d&rsquo;art sur des cordes \u00e0 linge dans l&rsquo;espace public ! <em>Ouvert \u00e0 tous.<\/em><br \/>\n<em>9H-17H &#8211; Square Colette Privat, rue Jos\u00e9phine Baker<\/em><\/li>\n<\/ul>\n<p><strong>VENDREDI 21 MARS :<\/strong><\/p>\n<ul>\n<li><strong>Visite de l&rsquo;exposition Academix : \u00ab\u00a0Quel monde voulons-nous ?\u00a0\u00bb<\/strong><br \/>\nLes tout-petits sont invit\u00e9s avec leurs parents par le SHED, centre d&rsquo;art contemporain, \u00e0 venir visiter l&rsquo;exposition r\u00e9alis\u00e9e par <span class=\"wixui-rich-text__text\">Camille Bondon<\/span> et trois collectifs d\u2019enfants de la ville. <em>Pour les enfants de 0 \u00e0 3 ans.<\/em><br \/>\n<em><em>9H30-10H \/ 10H30-11H &#8211; Le SHED<\/em><\/em><\/li>\n<li><strong>Atelier fa\u00e7on Cr\u00e9atectura<\/strong><br \/>\nLes ateliers Createctura sont habilement con\u00e7us et bousculent les codes habituels laissant une multitude d\u2019interpr\u00e9tations possibles pour l\u2019enfant, alors libre d\u2019\u00e9voluer et de jouer comme il en a envie. Inspir\u00e9 par cette p\u00e9dagogie et ses espaces immersifs, venez exp\u00e9rimenter notre labyrinthe g\u00e9ant ! <em>Pour les enfants de 0 \u00e0 3 ans.<\/em><br \/>\n<em><em>14H-16H &#8211; Salle Jeanne Thibaux<\/em><\/em><\/li>\n<li><strong>Conf\u00e9rence pour les professionnels<\/strong><br \/>\nParce qu&rsquo;il est important de travailler ensemble et de continuer \u00e0 se former, les professionnels de la petite enfance sont invit\u00e9s \u00e0 participer \u00e0 une conf\u00e9rence autour de l&rsquo;\u00e9volution de la famille et de la parentalit\u00e9.<br \/>\n<em><em>18H-20H &#8211; Maison Municipale des Associations<\/em><\/em><\/li>\n<\/ul>\n<p><strong>SAMEDI 22 MARS :<\/strong><\/p>\n<ul>\n<li><strong>Atelier jeux de soci\u00e9t\u00e9 parents\/enfants et cl\u00f4ture de la semaine<\/strong><br \/>\nPour clore cette semaine riche en activit\u00e9, venez participer \u00e0 un atelier jeux de soci\u00e9t\u00e9 pour les tout-petits autour d&rsquo;une collation ! Vous pourrez \u00e9galement voir l&rsquo;exposition \u00ab\u00a0Ma Cabane\u00a0\u00bb. Atelier pour<em>\u00a0les enfants de 2 \u00e0 6 ans.<\/em><br \/>\n<em>10H-11H30 &#8211; Le Petit S\u00e9quoia ( Maison Municipale des Associations)<br \/>\n<\/em><\/li>\n<\/ul>\n<p style=\"text-align: center;\"><strong>Informations et inscription au 06 07 08 77 80 ou \u00e0 rpe@maromme.fr<\/strong><\/p>\n","protected":false},"excerpt":{"rendered":"<p>Maromme participe cette ann\u00e9e \u00e0 la semaine nationale de la petite enfance ! Avec pour th\u00e8me \u00ab\u00a0Encore ! Jouer \u00e0 l&rsquo;infini\u00a0\u00bb, ce temps d\u00e9di\u00e9 aux tout-petits s&rsquo;annonce haut en couleur ! Au programme : LUNDI 17 MARS : Go\u00fbter d&rsquo;ouverture et Bougeoth\u00e8que Venez profiter d&rsquo;un espace am\u00e9nag\u00e9 pour vos enfants autour du mouvement. Un petit&#8230; <\/p>\n<div class=\"link-more\"><a href=\"https:\/\/marommeactu.fr\/?p=23046\">En savoir plus<\/a><\/div>\n","protected":false},"author":1,"featured_media":23061,"comment_status":"closed","ping_status":"closed","sticky":false,"template":"","format":"standard","meta":{"footnotes":""},"categories":[4],"tags":[],"_links":{"self":[{"href":"https:\/\/marommeactu.fr\/index.php?rest_route=\/wp\/v2\/posts\/23046"}],"collection":[{"href":"https:\/\/marommeactu.fr\/index.php?rest_route=\/wp\/v2\/posts"}],"about":[{"href":"https:\/\/marommeactu.fr\/index.php?rest_route=\/wp\/v2\/types\/post"}],"author":[{"embeddable":true,"href":"https:\/\/marommeactu.fr\/index.php?rest_route=\/wp\/v2\/users\/1"}],"replies":[{"embeddable":true,"href":"https:\/\/marommeactu.fr\/index.php?rest_route=%2Fwp%2Fv2%2Fcomments&post=23046"}],"version-history":[{"count":24,"href":"https:\/\/marommeactu.fr\/index.php?rest_route=\/wp\/v2\/posts\/23046\/revisions"}],"predecessor-version":[{"id":23119,"href":"https:\/\/marommeactu.fr\/index.php?rest_route=\/wp\/v2\/posts\/23046\/revisions\/23119"}],"wp:featuredmedia":[{"embeddable":true,"href":"https:\/\/marommeactu.fr\/index.php?rest_route=\/wp\/v2\/media\/23061"}],"wp:attachment":[{"href":"https:\/\/marommeactu.fr\/index.php?rest_route=%2Fwp%2Fv2%2Fmedia&parent=23046"}],"wp:term":[{"taxonomy":"category","embeddable":true,"href":"https:\/\/marommeactu.fr\/index.php?rest_route=%2Fwp%2Fv2%2Fcategories&post=23046"},{"taxonomy":"post_tag","embeddable":true,"href":"https:\/\/marommeactu.fr\/index.php?rest_route=%2Fwp%2Fv2%2Ftags&post=23046"}],"curies":[{"name":"wp","href":"https:\/\/api.w.org\/{rel}","templated":true}]}}