{"id":22423,"date":"2024-03-04T11:03:43","date_gmt":"2024-03-04T10:03:43","guid":{"rendered":"https:\/\/marommeactu.fr\/?p=22423"},"modified":"2024-04-05T14:50:14","modified_gmt":"2024-04-05T12:50:14","slug":"sejours-jeunes-2024","status":"publish","type":"post","link":"https:\/\/marommeactu.fr\/?p=22423","title":{"rendered":"S\u00e9jours Jeunes 2024"},"content":{"rendered":"<h1 style=\"text-align: center;\">S\u00e9jours Jeunes<\/h1>\n<p style=\"text-align: center;\">Depuis 2022, la commune permet aux jeunes marommais(es) de partir en vacances et ainsi de s\u2019\u00e9vader durant l\u2019\u00e9t\u00e9. Au-del\u00e0 de l&rsquo;aspect loisirs, la ville s&rsquo;engage en faveur du bien-\u00eatre et du d\u00e9veloppement de la jeunesse \u00e0 travers ces s\u00e9jours. En effet, pour les heureux \u00e9lus, partir loin de chez soi, c\u2019est aussi gagner en confiance, am\u00e9liorer sa compr\u00e9hension du monde et vivre de nouvelles exp\u00e9riences qui s&rsquo;av\u00e8reront utiles dans la vie de tous les jours.<span class=\"Apple-converted-space\">\u00a0<\/span><\/p>\n<p>&nbsp;<\/p>\n<p><a href=\"https:\/\/www.calameo.com\/read\/000930015ef0c0c08a328\"><img loading=\"lazy\" decoding=\"async\" class=\"aligncenter wp-image-22425 size-large\" src=\"http:\/\/marommeactu.fr\/wp-content\/uploads\/2024\/03\/dim-hou-2P6Q7_uiDr0-unsplash-1024x683.jpg\" alt=\"\" width=\"1000\" height=\"667\" srcset=\"https:\/\/marommeactu.fr\/wp-content\/uploads\/2024\/03\/dim-hou-2P6Q7_uiDr0-unsplash-1024x683.jpg 1024w, https:\/\/marommeactu.fr\/wp-content\/uploads\/2024\/03\/dim-hou-2P6Q7_uiDr0-unsplash-300x200.jpg 300w, https:\/\/marommeactu.fr\/wp-content\/uploads\/2024\/03\/dim-hou-2P6Q7_uiDr0-unsplash-768x512.jpg 768w, https:\/\/marommeactu.fr\/wp-content\/uploads\/2024\/03\/dim-hou-2P6Q7_uiDr0-unsplash-288x192.jpg 288w, https:\/\/marommeactu.fr\/wp-content\/uploads\/2024\/03\/dim-hou-2P6Q7_uiDr0-unsplash-1536x1024.jpg 1536w, https:\/\/marommeactu.fr\/wp-content\/uploads\/2024\/03\/dim-hou-2P6Q7_uiDr0-unsplash-2048x1365.jpg 2048w, https:\/\/marommeactu.fr\/wp-content\/uploads\/2024\/03\/dim-hou-2P6Q7_uiDr0-unsplash-960x640.jpg 960w, https:\/\/marommeactu.fr\/wp-content\/uploads\/2024\/03\/dim-hou-2P6Q7_uiDr0-unsplash-450x300.jpg 450w\" sizes=\"(max-width: 1000px) 100vw, 1000px\" \/><\/a><\/p>\n<p style=\"text-align: center;\">Pour lire le programme cliquez sur l&rsquo;image ou sur le lien suivant :<a href=\"https:\/\/www.calameo.com\/read\/000930015ef0c0c08a328\"> https:\/\/www.calameo.com\/read\/000930015ef0c0c08a328<\/a><\/p>\n<p style=\"text-align: center;\"><em>Les s\u00e9jours \u00ab\u00a0Aventures en Altitude\u00a0\u00bb, \u00ab\u00a0Mer et \u00c9quitation\u00a0\u00bb et \u00ab\u00a0Cocktail Normand\u00a0\u00bb sont d\u00e9sormais ouverts aux jeunes d\u00e8s 11 ans.<\/em><\/p>\n<p style=\"text-align: center;\"><em><strong>Plus d&rsquo;informations au 02 32 82 22 39<\/strong><\/em><\/p>\n<div>\n<div id=\":rah:\" class=\"x1n2onr6\">\n<div class=\"x1n2onr6\"><\/div>\n<div class=\"x6ikm8r x10wlt62\"><\/div>\n<\/div>\n<\/div>\n<div class=\"x8gbvx8 x80vd3b x1q0q8m5 xso031l x8cjs6t x13fuv20 x178xt8z x78zum5 x1q0g3np x1qughib xz9dl7a xn6708d xsag5q8 xpkgp8e\">\n<div class=\"x6s0dn4 x78zum5 x1nhvcw1\"><\/div>\n<div class=\"x78zum5 x13a6bvl\"><\/div>\n<\/div>\n<div>\n<div class=\"x168nmei x13lgxp2 x30kzoy x9jhf4c x6ikm8r x10wlt62\" data-visualcompletion=\"ignore-dynamic\">\n<div>\n<div>\n<div>\n<div class=\"x1n2onr6\">\n<div class=\"x6s0dn4 xi81zsa x78zum5 x6prxxf x13a6bvl xvq8zen xdj266r xktsk01 xat24cr x1d52u69 x889kno x4uap5 x1a8lsjc xkhd6sd xdppsyt\">\n<div class=\"x6s0dn4 x78zum5 x1iyjqo2 x6ikm8r x10wlt62\">\n<p>&nbsp;<\/p>\n<div class=\"\">\n<div class=\"x1i10hfl xjbqb8w x1ejq31n xd10rxx x1sy0etr x17r0tee x972fbf xcfux6l x1qhh985 xm0m39n x9f619 x1ypdohk xe8uvvx xdj266r x11i5rnm xat24cr x1mh8g0r xexx8yu x4uap5 x18d9i69 xkhd6sd x16tdsg8 x1hl2dhg xggy1nq x1o1ewxj x3x9cwd x1e5q0jg x13rtm0m x1n2onr6 x87ps6o x1lku1pv x1a2a7pz x1heor9g xnl1qt8 x6ikm8r x10wlt62 x1vjfegm x1lliihq\" tabindex=\"0\" role=\"button\"><\/div>\n<\/div>\n<\/div>\n<div class=\"x9f619 x1n2onr6 x1ja2u2z x78zum5 x2lah0s x1qughib x1qjc9v5 xozqiw3 x1q0g3np xykv574 xbmpl8g x4cne27 xifccgj\"><\/div>\n<\/div>\n<\/div>\n<\/div>\n<\/div>\n<\/div>\n<\/div>\n<\/div>\n","protected":false},"excerpt":{"rendered":"<p>S\u00e9jours Jeunes Depuis 2022, la commune permet aux jeunes marommais(es) de partir en vacances et ainsi de s\u2019\u00e9vader durant l\u2019\u00e9t\u00e9. Au-del\u00e0 de l&rsquo;aspect loisirs, la ville s&rsquo;engage en faveur du bien-\u00eatre et du d\u00e9veloppement de la jeunesse \u00e0 travers ces s\u00e9jours. En effet, pour les heureux \u00e9lus, partir loin de chez soi, c\u2019est aussi gagner&#8230; <\/p>\n<div class=\"link-more\"><a href=\"https:\/\/marommeactu.fr\/?p=22423\">En savoir plus<\/a><\/div>\n","protected":false},"author":1,"featured_media":22430,"comment_status":"closed","ping_status":"closed","sticky":false,"template":"","format":"standard","meta":{"footnotes":""},"categories":[4],"tags":[],"_links":{"self":[{"href":"https:\/\/marommeactu.fr\/index.php?rest_route=\/wp\/v2\/posts\/22423"}],"collection":[{"href":"https:\/\/marommeactu.fr\/index.php?rest_route=\/wp\/v2\/posts"}],"about":[{"href":"https:\/\/marommeactu.fr\/index.php?rest_route=\/wp\/v2\/types\/post"}],"author":[{"embeddable":true,"href":"https:\/\/marommeactu.fr\/index.php?rest_route=\/wp\/v2\/users\/1"}],"replies":[{"embeddable":true,"href":"https:\/\/marommeactu.fr\/index.php?rest_route=%2Fwp%2Fv2%2Fcomments&post=22423"}],"version-history":[{"count":11,"href":"https:\/\/marommeactu.fr\/index.php?rest_route=\/wp\/v2\/posts\/22423\/revisions"}],"predecessor-version":[{"id":22472,"href":"https:\/\/marommeactu.fr\/index.php?rest_route=\/wp\/v2\/posts\/22423\/revisions\/22472"}],"wp:featuredmedia":[{"embeddable":true,"href":"https:\/\/marommeactu.fr\/index.php?rest_route=\/wp\/v2\/media\/22430"}],"wp:attachment":[{"href":"https:\/\/marommeactu.fr\/index.php?rest_route=%2Fwp%2Fv2%2Fmedia&parent=22423"}],"wp:term":[{"taxonomy":"category","embeddable":true,"href":"https:\/\/marommeactu.fr\/index.php?rest_route=%2Fwp%2Fv2%2Fcategories&post=22423"},{"taxonomy":"post_tag","embeddable":true,"href":"https:\/\/marommeactu.fr\/index.php?rest_route=%2Fwp%2Fv2%2Ftags&post=22423"}],"curies":[{"name":"wp","href":"https:\/\/api.w.org\/{rel}","templated":true}]}}