{"id":2231,"date":"2017-08-22T13:52:06","date_gmt":"2017-08-22T11:52:06","guid":{"rendered":"http:\/\/marommeactu.fr\/?p=2231"},"modified":"2017-08-22T13:52:06","modified_gmt":"2017-08-22T11:52:06","slug":"pratique-distribution-de-sacs","status":"publish","type":"post","link":"https:\/\/marommeactu.fr\/?p=2231","title":{"rendered":"Pratique : Distribution de sacs"},"content":{"rendered":"<p>La M\u00e9tropole Rouen Normandie proc\u00e9dera \u00e0 la distribution annuelle des sacs de collecte, comme suit :<\/p>\n<table class=\"distribution_sacs\" style=\"height: 354px;\" summary=\"Date de distribution de sacs \u00e0 Maromme\" width=\"870\">\n<tbody>\n<tr>\n<th>Date<\/th>\n<th colspan=\"2\">Lieu<\/th>\n<\/tr>\n<tr class=\"typedistrib_2\">\n<td class=\"date_distrib\">Lundi 04 septembre<\/td>\n<td class=\"lieu_distrib\">Parking Super U<\/td>\n<td class=\"horaire_distrib\">De 14h00 \u00e0 19h00<\/td>\n<\/tr>\n<tr class=\"typedistrib_2\">\n<td class=\"date_distrib\">Mardi 05 septembre<\/td>\n<td class=\"lieu_distrib\">Parking Super U<\/td>\n<td class=\"horaire_distrib\">De 14h00 \u00e0 19h00<\/td>\n<\/tr>\n<tr class=\"typedistrib_2\">\n<td class=\"date_distrib\">Mercredi 06 septembre<\/td>\n<td class=\"lieu_distrib\">Salle Fran\u00e7ois Villon<\/td>\n<td class=\"horaire_distrib\">De 09h00 \u00e0 19h00<\/td>\n<\/tr>\n<tr class=\"typedistrib_2\">\n<td class=\"date_distrib\">Jeudi 07 septembre<\/td>\n<td class=\"lieu_distrib\">Salle Fran\u00e7ois Villon<\/td>\n<td class=\"horaire_distrib\">De 14h00 \u00e0 19h00<\/td>\n<\/tr>\n<tr class=\"typedistrib_2\">\n<td class=\"date_distrib\">Vendredi 08 septembre<\/td>\n<td class=\"lieu_distrib\">Place de la mairie<\/td>\n<td class=\"horaire_distrib\">De 14h00 \u00e0 19h00<\/td>\n<\/tr>\n<tr class=\"typedistrib_2\">\n<td class=\"date_distrib\">Lundi 11 septembre<\/td>\n<td class=\"lieu_distrib\">Place Alain<\/td>\n<td class=\"horaire_distrib\">De 14h00 \u00e0 19h00<\/td>\n<\/tr>\n<tr class=\"typedistrib_2\">\n<td class=\"date_distrib\">Mardi 12 septembre<\/td>\n<td class=\"lieu_distrib\">Parking Super U<\/td>\n<td class=\"horaire_distrib\">De 14h00 \u00e0 19h00<\/td>\n<\/tr>\n<\/tbody>\n<\/table>\n","protected":false},"excerpt":{"rendered":"<p>La M\u00e9tropole Rouen Normandie proc\u00e9dera \u00e0 la distribution annuelle des sacs de collecte, comme suit : Date Lieu Lundi 04 septembre Parking Super U De 14h00 \u00e0 19h00 Mardi 05 septembre Parking Super U De 14h00 \u00e0 19h00 Mercredi 06 septembre Salle Fran\u00e7ois Villon De 09h00 \u00e0 19h00 Jeudi 07 septembre Salle Fran\u00e7ois Villon De&#8230; <\/p>\n<div class=\"link-more\"><a href=\"https:\/\/marommeactu.fr\/?p=2231\">En savoir plus<\/a><\/div>\n","protected":false},"author":1,"featured_media":2234,"comment_status":"closed","ping_status":"closed","sticky":false,"template":"","format":"standard","meta":{"footnotes":""},"categories":[4],"tags":[],"_links":{"self":[{"href":"https:\/\/marommeactu.fr\/index.php?rest_route=\/wp\/v2\/posts\/2231"}],"collection":[{"href":"https:\/\/marommeactu.fr\/index.php?rest_route=\/wp\/v2\/posts"}],"about":[{"href":"https:\/\/marommeactu.fr\/index.php?rest_route=\/wp\/v2\/types\/post"}],"author":[{"embeddable":true,"href":"https:\/\/marommeactu.fr\/index.php?rest_route=\/wp\/v2\/users\/1"}],"replies":[{"embeddable":true,"href":"https:\/\/marommeactu.fr\/index.php?rest_route=%2Fwp%2Fv2%2Fcomments&post=2231"}],"version-history":[{"count":1,"href":"https:\/\/marommeactu.fr\/index.php?rest_route=\/wp\/v2\/posts\/2231\/revisions"}],"predecessor-version":[{"id":2233,"href":"https:\/\/marommeactu.fr\/index.php?rest_route=\/wp\/v2\/posts\/2231\/revisions\/2233"}],"wp:featuredmedia":[{"embeddable":true,"href":"https:\/\/marommeactu.fr\/index.php?rest_route=\/wp\/v2\/media\/2234"}],"wp:attachment":[{"href":"https:\/\/marommeactu.fr\/index.php?rest_route=%2Fwp%2Fv2%2Fmedia&parent=2231"}],"wp:term":[{"taxonomy":"category","embeddable":true,"href":"https:\/\/marommeactu.fr\/index.php?rest_route=%2Fwp%2Fv2%2Fcategories&post=2231"},{"taxonomy":"post_tag","embeddable":true,"href":"https:\/\/marommeactu.fr\/index.php?rest_route=%2Fwp%2Fv2%2Ftags&post=2231"}],"curies":[{"name":"wp","href":"https:\/\/api.w.org\/{rel}","templated":true}]}}