{"id":22082,"date":"2023-08-04T17:27:52","date_gmt":"2023-08-04T15:27:52","guid":{"rendered":"http:\/\/marommeactu.fr\/?p=22082"},"modified":"2023-08-04T17:35:09","modified_gmt":"2023-08-04T15:35:09","slug":"bilan-de-mi-mandat-2020-2026","status":"publish","type":"post","link":"https:\/\/marommeactu.fr\/?p=22082","title":{"rendered":"Bilan de mi-mandat 2020-2026"},"content":{"rendered":"<h3>\u00c0 mi-mandat, c\u2019est l\u2019occasion d\u2019\u00e9tablir un premier bilan de l\u2019action municipale&#8230;<\/h3>\n<p>Il y a\u00a0trois ans, c\u2019est en pleine pand\u00e9mie que l&rsquo;actuel\u00a0conseil municipal\u00a0prenait place \u00e0 Maromme. Le d\u00e9but de mandat\u00a0a ainsi \u00e9t\u00e9\u00a0rythm\u00e9 par la\u00a0gestion de la crise sanitaire, durant laquelle\u00a0l\u2019action municipale\u00a0\u00e9tait guid\u00e9e par\u00a0une\u00a0seule priorit\u00e9\u00a0: maintenir la\u00a0vie sociale,\u00a0culturelle\u00a0et\u00a0\u00e9conomique de la commune.<\/p>\n<p>Apr\u00e8s cette p\u00e9riode d\u00e9licate, la crise \u00e9nerg\u00e9tique et l&rsquo;inflation sont venues\u00a0fragiliser les finances\u00a0et\u00a0perturber les projets\u00a0de la Ville, obligeant celle-ci \u00e0 s\u2019adapter\u00a0pour pr\u00e9server un\u00a0service public de qualit\u00e9.<\/p>\n<p>Malgr\u00e9 toutes ces contraintes initiales,\u00a0la plupart\u00a0de nos propositions de campagne\u00a0ont aujourd&rsquo;hui d\u00e9j\u00e0 vu le jour et de nombreux autres projets se sont concr\u00e9tis\u00e9s, m\u00ealant\u00a0actions structurantes pour pr\u00e9parer l\u2019avenir et interventions de proximit\u00e9 pour am\u00e9liorer le quotidien des Marommais(es).<\/p>\n<p>Au fil de\u00a0votre lecture, vous d\u00e9couvrirez l&rsquo;ensemble de ces r\u00e9alisations, ainsi que les perspectives qui se dessinent pour demain.\u00a0Du chemin reste encore \u00e0 parcourir, mais ensemble nous continuerons \u00e0 faire \u00e9voluer cette ville qui nous est ch\u00e8re.<\/p>\n<p style=\"text-align: center;\"><img loading=\"lazy\" decoding=\"async\" class=\"aligncenter wp-image-22084 size-medium\" src=\"http:\/\/marommeactu.fr\/wp-content\/uploads\/2023\/08\/SignatureDL-300x170.jpg\" alt=\"SignatureDL\" width=\"300\" height=\"170\" srcset=\"https:\/\/marommeactu.fr\/wp-content\/uploads\/2023\/08\/SignatureDL-300x170.jpg 300w, https:\/\/marommeactu.fr\/wp-content\/uploads\/2023\/08\/SignatureDL-768x436.jpg 768w, https:\/\/marommeactu.fr\/wp-content\/uploads\/2023\/08\/SignatureDL-1024x581.jpg 1024w, https:\/\/marommeactu.fr\/wp-content\/uploads\/2023\/08\/SignatureDL-529x300.jpg 529w, https:\/\/marommeactu.fr\/wp-content\/uploads\/2023\/08\/SignatureDL.jpg 1500w\" sizes=\"(max-width: 300px) 100vw, 300px\" \/><strong><span style=\"color: #000000;\">David Lamiray<\/span><\/strong><\/p>\n<p>&nbsp;<\/p>\n<p style=\"text-align: center;\"><a href=\"https:\/\/www.calameo.com\/read\/0009300156a0a34d204cc\"><span style=\"text-decoration: underline;\"><strong>Cliquez ici pour consulter\u00a0le bilan de mi-mandat<\/strong><\/span><\/a><\/p>\n","protected":false},"excerpt":{"rendered":"<p>\u00c0 mi-mandat, c\u2019est l\u2019occasion d\u2019\u00e9tablir un premier bilan de l\u2019action municipale&#8230; Il y a\u00a0trois ans, c\u2019est en pleine pand\u00e9mie que l&rsquo;actuel\u00a0conseil municipal\u00a0prenait place \u00e0 Maromme. Le d\u00e9but de mandat\u00a0a ainsi \u00e9t\u00e9\u00a0rythm\u00e9 par la\u00a0gestion de la crise sanitaire, durant laquelle\u00a0l\u2019action municipale\u00a0\u00e9tait guid\u00e9e par\u00a0une\u00a0seule priorit\u00e9\u00a0: maintenir la\u00a0vie sociale,\u00a0culturelle\u00a0et\u00a0\u00e9conomique de la commune. Apr\u00e8s cette p\u00e9riode d\u00e9licate, la crise&#8230; <\/p>\n<div class=\"link-more\"><a href=\"https:\/\/marommeactu.fr\/?p=22082\">En savoir plus<\/a><\/div>\n","protected":false},"author":1,"featured_media":22083,"comment_status":"closed","ping_status":"closed","sticky":false,"template":"","format":"standard","meta":{"footnotes":""},"categories":[4,6],"tags":[],"_links":{"self":[{"href":"https:\/\/marommeactu.fr\/index.php?rest_route=\/wp\/v2\/posts\/22082"}],"collection":[{"href":"https:\/\/marommeactu.fr\/index.php?rest_route=\/wp\/v2\/posts"}],"about":[{"href":"https:\/\/marommeactu.fr\/index.php?rest_route=\/wp\/v2\/types\/post"}],"author":[{"embeddable":true,"href":"https:\/\/marommeactu.fr\/index.php?rest_route=\/wp\/v2\/users\/1"}],"replies":[{"embeddable":true,"href":"https:\/\/marommeactu.fr\/index.php?rest_route=%2Fwp%2Fv2%2Fcomments&post=22082"}],"version-history":[{"count":8,"href":"https:\/\/marommeactu.fr\/index.php?rest_route=\/wp\/v2\/posts\/22082\/revisions"}],"predecessor-version":[{"id":22092,"href":"https:\/\/marommeactu.fr\/index.php?rest_route=\/wp\/v2\/posts\/22082\/revisions\/22092"}],"wp:featuredmedia":[{"embeddable":true,"href":"https:\/\/marommeactu.fr\/index.php?rest_route=\/wp\/v2\/media\/22083"}],"wp:attachment":[{"href":"https:\/\/marommeactu.fr\/index.php?rest_route=%2Fwp%2Fv2%2Fmedia&parent=22082"}],"wp:term":[{"taxonomy":"category","embeddable":true,"href":"https:\/\/marommeactu.fr\/index.php?rest_route=%2Fwp%2Fv2%2Fcategories&post=22082"},{"taxonomy":"post_tag","embeddable":true,"href":"https:\/\/marommeactu.fr\/index.php?rest_route=%2Fwp%2Fv2%2Ftags&post=22082"}],"curies":[{"name":"wp","href":"https:\/\/api.w.org\/{rel}","templated":true}]}}