{"id":21934,"date":"2023-03-13T11:30:19","date_gmt":"2023-03-13T10:30:19","guid":{"rendered":"http:\/\/marommeactu.fr\/?p=21934"},"modified":"2023-03-13T11:39:58","modified_gmt":"2023-03-13T10:39:58","slug":"le-marche-se-reinvente","status":"publish","type":"post","link":"https:\/\/marommeactu.fr\/?p=21934","title":{"rendered":"[INFORMATION] Le march\u00e9 de Maromme se r\u00e9invente !"},"content":{"rendered":"<h2>Le march\u00e9 de Maromme a souvent chang\u00e9 de lieu, de jour ou d&rsquo;horaire.<span class=\"Apple-converted-space\">\u00a0\u00a0<\/span>Auparavant le vendredi apr\u00e8s-midi, ce dernier change de formule<span class=\"Apple-converted-space\">\u00a0<\/span>afin de devenir un incontournable de la vall\u00e9e du Cailly et s&rsquo;installe le samedi matin.<span class=\"Apple-converted-space\">\u00a0<\/span><\/h2>\n<p>Les march\u00e9s sont des \u00e9l\u00e9ments importants de la vie d\u2019une ville : ils les dynamisent, cr\u00e9ent un lieu de rencontre et proposent une m\u00e9thode de consommation en ad\u00e9quation avec le respect de l\u2019environnement. V\u00e9ritables p\u00f4les d&rsquo;attractivit\u00e9, ils permettent de faire vivre la commune et son \u00e9conomie.<span class=\"Apple-converted-space\">\u00a0<\/span><\/p>\n<p>Le march\u00e9 de la ville basse a connu de nombreuses \u00e9volutions, sans jamais vraiment trouver sa place au sein de la vie marommaise. Aussi, la Municipalit\u00e9 a d\u00e9cid\u00e9 de lui redonner un nouveau souffle, en tenant compte des attentes de la population. Parmi toutes les demandes, la plus fr\u00e9quente concernait le changement de jour du march\u00e9, afin de permettre aux actifs comme aux familles de s\u2019y rendre. Cette requ\u00eate a bien \u00e9t\u00e9 entendue, puisque le march\u00e9 de la place Jean Jaur\u00e8s prendra d\u00e9sormais place chaque samedi matin, \u00e0 compter du 18 mars, et deviendra ainsi l&rsquo;un des seuls march\u00e9s de la vall\u00e9e du Cailly \u00e0 se tenir ce jour. Outre le changement de cr\u00e9neau, l\u2019offre a \u00e9galement \u00e9t\u00e9 repens\u00e9e et am\u00e9lior\u00e9e.<span class=\"Apple-converted-space\">\u00a0<\/span><\/p>\n<p>Vous pourrez ainsi retrouver vos exposants habituels, pour ceux qui en ont fait le souhait, et d\u00e9couvrir les nouveaux exposants qui ont r\u00e9pondu \u00e0 l\u2019appel de la ville : un poissonnier, une buvette, un traiteur, un charcutier, un primeur, un vendeur de CD, un commer\u00e7ant sp\u00e9cialis\u00e9 dans le pr\u00eat-\u00e0-porter, un boulanger turc, mais aussi un stand de restauration orientale.<\/p>\n<p>Ce nouveau march\u00e9 a pour objectif de progressivement s\u2019\u00e9tendre et se diversifier, afin de contenter tout un chacun. Nous comptons donc sur votre engouement pour donner envie \u00e0 de nouveaux marchands de venir s\u2019installer \u00e0 Maromme et permettre \u00e0 cette nouvelle formule de durer&#8230;<span class=\"Apple-converted-space\">\u00a0<\/span><\/p>\n<p><b>Venez nombreux le 18 mars prochain pour profiter de ce nouveau march\u00e9 !<span class=\"Apple-converted-space\">\u00a0<\/span><\/b><\/p>\n<p><a href=\"http:\/\/marommeactu.fr\/wp-content\/uploads\/2023\/03\/NouveauM.png\"><img loading=\"lazy\" decoding=\"async\" class=\"aligncenter size-large wp-image-21939\" src=\"http:\/\/marommeactu.fr\/wp-content\/uploads\/2023\/03\/NouveauM-1024x768.png\" alt=\"NouveauM\" width=\"1000\" height=\"750\" srcset=\"https:\/\/marommeactu.fr\/wp-content\/uploads\/2023\/03\/NouveauM-1024x768.png 1024w, https:\/\/marommeactu.fr\/wp-content\/uploads\/2023\/03\/NouveauM-300x225.png 300w, https:\/\/marommeactu.fr\/wp-content\/uploads\/2023\/03\/NouveauM-768x576.png 768w, https:\/\/marommeactu.fr\/wp-content\/uploads\/2023\/03\/NouveauM-400x300.png 400w\" sizes=\"(max-width: 1000px) 100vw, 1000px\" \/><\/a><\/p>\n","protected":false},"excerpt":{"rendered":"<p>Le march\u00e9 de Maromme a souvent chang\u00e9 de lieu, de jour ou d&rsquo;horaire.\u00a0\u00a0Auparavant le vendredi apr\u00e8s-midi, ce dernier change de formule\u00a0afin de devenir un incontournable de la vall\u00e9e du Cailly et s&rsquo;installe le samedi matin.\u00a0 Les march\u00e9s sont des \u00e9l\u00e9ments importants de la vie d\u2019une ville : ils les dynamisent, cr\u00e9ent un lieu de rencontre&#8230; <\/p>\n<div class=\"link-more\"><a href=\"https:\/\/marommeactu.fr\/?p=21934\">En savoir plus<\/a><\/div>\n","protected":false},"author":1,"featured_media":21935,"comment_status":"closed","ping_status":"closed","sticky":false,"template":"","format":"standard","meta":{"footnotes":""},"categories":[4],"tags":[],"_links":{"self":[{"href":"https:\/\/marommeactu.fr\/index.php?rest_route=\/wp\/v2\/posts\/21934"}],"collection":[{"href":"https:\/\/marommeactu.fr\/index.php?rest_route=\/wp\/v2\/posts"}],"about":[{"href":"https:\/\/marommeactu.fr\/index.php?rest_route=\/wp\/v2\/types\/post"}],"author":[{"embeddable":true,"href":"https:\/\/marommeactu.fr\/index.php?rest_route=\/wp\/v2\/users\/1"}],"replies":[{"embeddable":true,"href":"https:\/\/marommeactu.fr\/index.php?rest_route=%2Fwp%2Fv2%2Fcomments&post=21934"}],"version-history":[{"count":5,"href":"https:\/\/marommeactu.fr\/index.php?rest_route=\/wp\/v2\/posts\/21934\/revisions"}],"predecessor-version":[{"id":21942,"href":"https:\/\/marommeactu.fr\/index.php?rest_route=\/wp\/v2\/posts\/21934\/revisions\/21942"}],"wp:featuredmedia":[{"embeddable":true,"href":"https:\/\/marommeactu.fr\/index.php?rest_route=\/wp\/v2\/media\/21935"}],"wp:attachment":[{"href":"https:\/\/marommeactu.fr\/index.php?rest_route=%2Fwp%2Fv2%2Fmedia&parent=21934"}],"wp:term":[{"taxonomy":"category","embeddable":true,"href":"https:\/\/marommeactu.fr\/index.php?rest_route=%2Fwp%2Fv2%2Fcategories&post=21934"},{"taxonomy":"post_tag","embeddable":true,"href":"https:\/\/marommeactu.fr\/index.php?rest_route=%2Fwp%2Fv2%2Ftags&post=21934"}],"curies":[{"name":"wp","href":"https:\/\/api.w.org\/{rel}","templated":true}]}}