{"id":21412,"date":"2021-09-14T11:01:36","date_gmt":"2021-09-14T09:01:36","guid":{"rendered":"http:\/\/marommeactu.fr\/?p=21412"},"modified":"2021-09-14T11:02:18","modified_gmt":"2021-09-14T09:02:18","slug":"mois-de-lenvironnement-la-ville-de-meche-avec-lecologie","status":"publish","type":"post","link":"https:\/\/marommeactu.fr\/?p=21412","title":{"rendered":"[MOIS DE L&rsquo;ENVIRONNEMENT] La Ville de m\u00e8che avec l&rsquo;\u00e9cologie"},"content":{"rendered":"<h2 class=\"p1\" style=\"text-align: center;\"><span class=\"s1\"><b>Maromme s\u2019engage dans le recyclage des d\u00e9chets capillaires<\/b><\/span><\/h2>\n<p class=\"p1\"><b>Chaque jour en France, pr\u00e8s d\u2019un million de personnes se rendent dans un salon de coiffure. Au total, ce sont environ 4 000 tonnes de cheveux qui finissent \u00e0 la poubelle tous les ans sans faire l\u2019objet de la moindre d\u00e9marche \u00e9co-responsable. Partant de ce constat, une soci\u00e9t\u00e9 fran\u00e7aise entreprend depuis 2019 de collecter et de valoriser ces d\u00e9chets peu exploit\u00e9s pour leur redonner une seconde vie. La d\u00e9marche a s\u00e9duit la Municipalit\u00e9 qui a d\u00e9cid\u00e9 de soutenir cette fili\u00e8re de recyclage, une premi\u00e8re \u00e0 l\u2019\u00e9chelle de la Normandie !<\/b><\/p>\n<p class=\"p1\">700 salons adh\u00e9rents, 90 points d\u2019apports volontaires pour d\u00e9chets capillaires, 20 entrep\u00f4ts couvrant l\u2019ensemble du territoire et un partenariat avec La Poste ; voil\u00e0 l\u2019imposant dispositif mis en place par la start-up afin de favoriser une r\u00e9cup\u00e9ration durable et un traitement de proximit\u00e9 de cette ressource d\u2019un nouveau genre. La Ville &#8211; par l\u2019interm\u00e9diaire d\u2019Alexandre Lefebvre, son adjoint en charge des politiques environnementales &#8211; est donc all\u00e9e \u00e0 la rencontre des cr\u00e9ateurs de Capillum pour \u00e9tudier la possibilit\u00e9 d\u2019une collaboration et y associer son territoire. L\u2019objectif ? <b>R\u00e9pondre aux directives du programme national de pr\u00e9vention des d\u00e9chets et int\u00e9grer ce concept \u00e0 son processus de transition \u00e9cologique.<\/b><\/p>\n<p class=\"p1\"><b><a href=\"http:\/\/marommeactu.fr\/wp-content\/uploads\/2021\/09\/Capillum-cycle-collecte-cheveux-5f4e1964dbb85.jpeg\"><img loading=\"lazy\" decoding=\"async\" class=\"aligncenter size-large wp-image-21429\" src=\"http:\/\/marommeactu.fr\/wp-content\/uploads\/2021\/09\/Capillum-cycle-collecte-cheveux-5f4e1964dbb85-1024x548.jpeg\" alt=\"Capillum-cycle-collecte-cheveux-5f4e1964dbb85\" width=\"1000\" height=\"535\" srcset=\"https:\/\/marommeactu.fr\/wp-content\/uploads\/2021\/09\/Capillum-cycle-collecte-cheveux-5f4e1964dbb85-1024x548.jpeg 1024w, https:\/\/marommeactu.fr\/wp-content\/uploads\/2021\/09\/Capillum-cycle-collecte-cheveux-5f4e1964dbb85-300x161.jpeg 300w, https:\/\/marommeactu.fr\/wp-content\/uploads\/2021\/09\/Capillum-cycle-collecte-cheveux-5f4e1964dbb85-768x411.jpeg 768w, https:\/\/marommeactu.fr\/wp-content\/uploads\/2021\/09\/Capillum-cycle-collecte-cheveux-5f4e1964dbb85-560x300.jpeg 560w, https:\/\/marommeactu.fr\/wp-content\/uploads\/2021\/09\/Capillum-cycle-collecte-cheveux-5f4e1964dbb85.jpeg 1130w\" sizes=\"(max-width: 1000px) 100vw, 1000px\" \/><\/a><\/b><\/p>\n<p class=\"p1\">Pour ce faire, <b>l\u2019ensemble des coiffeurs de Maromme ont \u00e9t\u00e9 mobilis\u00e9s dans cette d\u00e9marche, la commune s\u2019engageant \u00e0 financer la premi\u00e8re ann\u00e9e d\u2019adh\u00e9sion<\/b>. Une convention de partenariat &#8211; valid\u00e9e \u00e0 l\u2019occasion du dernier conseil municipal &#8211; a \u00e9galement \u00e9t\u00e9 r\u00e9dig\u00e9e afin d\u2019associer toutes les parties, le 13 septembre prochain, \u00e0 l\u2019occasion du mois de l\u2019environnement. Les commer\u00e7ants volontaires recevront ainsi un kit, compos\u00e9 notamment d\u2019un bac de collecte, et auront acc\u00e8s \u00e0 une logistique adapt\u00e9e leur permettant d\u2019envoyer les cheveux r\u00e9colt\u00e9s jusqu\u2019aux sites de traitement. Par la suite, <b>les d\u00e9chets de cheveux r\u00e9colt\u00e9s seront utilis\u00e9s pour la recherche m\u00e9dicale (utilisation de la k\u00e9ratine), la d\u00e9pollution des eaux et des sols (absorption d\u2019hydrocarbures gr\u00e2ce aux fibres de cheveux) et l\u2019agriculture (pr\u00e9servation des sols et limitation de la consommation d\u2019eau par la r\u00e9alisation de paillages)<\/b>.<\/p>\n<p class=\"p3\"><span class=\"s1\">Une belle initiative qui fera de Maromme, <b>l\u2019une des seules villes en France \u00e0 s\u2019impliquer dans ce domaine.<\/b><\/span><\/p>\n<p>&nbsp;<\/p>\n","protected":false},"excerpt":{"rendered":"<p>Maromme s\u2019engage dans le recyclage des d\u00e9chets capillaires Chaque jour en France, pr\u00e8s d\u2019un million de personnes se rendent dans un salon de coiffure. Au total, ce sont environ 4 000 tonnes de cheveux qui finissent \u00e0 la poubelle tous les ans sans faire l\u2019objet de la moindre d\u00e9marche \u00e9co-responsable. Partant de ce constat, une&#8230; <\/p>\n<div class=\"link-more\"><a href=\"https:\/\/marommeactu.fr\/?p=21412\">En savoir plus<\/a><\/div>\n","protected":false},"author":1,"featured_media":21428,"comment_status":"closed","ping_status":"closed","sticky":false,"template":"","format":"standard","meta":{"footnotes":""},"categories":[6],"tags":[],"_links":{"self":[{"href":"https:\/\/marommeactu.fr\/index.php?rest_route=\/wp\/v2\/posts\/21412"}],"collection":[{"href":"https:\/\/marommeactu.fr\/index.php?rest_route=\/wp\/v2\/posts"}],"about":[{"href":"https:\/\/marommeactu.fr\/index.php?rest_route=\/wp\/v2\/types\/post"}],"author":[{"embeddable":true,"href":"https:\/\/marommeactu.fr\/index.php?rest_route=\/wp\/v2\/users\/1"}],"replies":[{"embeddable":true,"href":"https:\/\/marommeactu.fr\/index.php?rest_route=%2Fwp%2Fv2%2Fcomments&post=21412"}],"version-history":[{"count":3,"href":"https:\/\/marommeactu.fr\/index.php?rest_route=\/wp\/v2\/posts\/21412\/revisions"}],"predecessor-version":[{"id":21433,"href":"https:\/\/marommeactu.fr\/index.php?rest_route=\/wp\/v2\/posts\/21412\/revisions\/21433"}],"wp:featuredmedia":[{"embeddable":true,"href":"https:\/\/marommeactu.fr\/index.php?rest_route=\/wp\/v2\/media\/21428"}],"wp:attachment":[{"href":"https:\/\/marommeactu.fr\/index.php?rest_route=%2Fwp%2Fv2%2Fmedia&parent=21412"}],"wp:term":[{"taxonomy":"category","embeddable":true,"href":"https:\/\/marommeactu.fr\/index.php?rest_route=%2Fwp%2Fv2%2Fcategories&post=21412"},{"taxonomy":"post_tag","embeddable":true,"href":"https:\/\/marommeactu.fr\/index.php?rest_route=%2Fwp%2Fv2%2Ftags&post=21412"}],"curies":[{"name":"wp","href":"https:\/\/api.w.org\/{rel}","templated":true}]}}