{"id":21156,"date":"2021-04-08T16:40:59","date_gmt":"2021-04-08T14:40:59","guid":{"rendered":"http:\/\/marommeactu.fr\/?p=21156"},"modified":"2021-04-08T16:41:28","modified_gmt":"2021-04-08T14:41:28","slug":"disparition-de-colette-privat","status":"publish","type":"post","link":"https:\/\/marommeactu.fr\/?p=21156","title":{"rendered":"Disparition de Colette Privat"},"content":{"rendered":"<h2 class=\"p1\" style=\"text-align: center;\">Communiqu\u00e9 de David Lamiray, Maire de Maromme<\/h2>\n<p>&nbsp;<\/p>\n<p>Une grande dame s\u2019en est all\u00e9e.<span class=\"Apple-converted-space\">\u00a0<\/span><\/p>\n<p class=\"p2\">\u00c0 95 ans, Colette Privat a tir\u00e9 sa r\u00e9v\u00e9rence et c\u2019est toute une ville qui est aujourd\u2019hui en peine. Maromme vient en effet de perdre l\u2019une des grandes figures de son histoire contemporaine, celle qui avait su \u00e0 la fin des ann\u00e9es 70 redresser une ville financi\u00e8rement exsangue, engager son renouveau, et surtout oeuvrer au bien-\u00eatre de tous ses habitants. Maire de Maromme de 1977 \u00e0 1998, mais aussi conseill\u00e8re g\u00e9n\u00e9rale de 1967 \u00e0 2004 et d\u00e9put\u00e9e de 1967 \u00e0 1968 puis de 1978 \u00e0 1981, son influence et son rayonnement auront embrass\u00e9 tout \u00e0 la fois la sc\u00e8ne locale et nationale.<\/p>\n<p class=\"p2\">Colette Privat \u00e9tait une femme de savoirs et d\u2019id\u00e9es, une intelligence brillante, engag\u00e9e au service d\u2019un id\u00e9al de fraternit\u00e9 et de justice. Agr\u00e9g\u00e9e de lettres classiques, sa culture et son \u00e9rudition lui voudront le respect de tous et la reconnaissance imm\u00e9diate de ses pairs. Apr\u00e8s kh\u00e2gne et Hypokh\u00e2gne, elle poursuit ses \u00e9tudes \u00e0 l\u2019universit\u00e9 populaire de Paris au cours desquelles elle d\u00e9couvre le marxisme et l\u2019histoire. Ce sera pour elle une r\u00e9v\u00e9lation. Ces amis du Parti communiste fran\u00e7ais et notamment Roland Leroy, secr\u00e9taire de la f\u00e9d\u00e9ration communiste de Seine-Maritime, per\u00e7oivent rapidement en elle cet esprit \u00e9clair\u00e9 et avis\u00e9, cette militante r\u00e9fl\u00e9chie. Trois ans apr\u00e8s les avoir rejoints, Colette Privat est tout naturellement \u00e9lue au bureau national. Elle est sur tous les fronts, de toutes luttes syndicales et politiques. En 1945, elle rejoint l\u2019Union de la jeunesse r\u00e9publicaine de France. Militante de l\u2019organisation la\u00efque \u00ab des Vaillants et des Vaillantes \u00bb d\u00e8s sa cr\u00e9ation en 1946, elle en devient membre du bureau national. Elle contribua activement \u00e0 la mise en place de ce mouvement, notamment dans les municipalit\u00e9s communistes (Petit-Quevilly, Sotteville, Saint-Etienne-du-Rouvray) et sur le port de Rouen, o\u00f9 le syndicat CGT des dockers lui fit un accueil chaleureux. Aux c\u00f4t\u00e9s de Germaine Pican, autre figure Marommaise, elle rejoindra aussi le directoire de l\u2019Union des Femmes Fran\u00e7aises \u00e0 travers lequel elle d\u00e9noncera notamment l\u2019exploitation des jeunes ouvri\u00e8res. Car ne l\u2019oublions pas, Colette Privat fut une f\u00e9ministe de la premi\u00e8re heure dans une France qui venait tout juste d\u2019accorder le droit de vote aux femmes et dans un monde politique alors exclusivement tenu par des hommes.<\/p>\n<p class=\"p2\">En 1967, son engagement s\u2019amplifie avec son \u00e9lection \u00e0 l\u2019assembl\u00e9e nationale, et son accession au rang de conseill\u00e8re g\u00e9n\u00e9rale du canton de Maromme. Elle sera la premi\u00e8re femme si\u00e9geant dans l\u2019h\u00e9micycle de la Seine-Maritime. Respect\u00e9e et \u00e9cout\u00e9e, elle d\u00e9fend avec pugnacit\u00e9 la cause ouvri\u00e8re et se bat pour sauver la fili\u00e8re textile ou encore les chantiers navals. Ce n\u2019est bien s\u00fbr pas son seul cheval de bataille, loin de l\u00e0. La professeure de lettres du lyc\u00e9e Jeanne d\u2019Arc plaide depuis le d\u00e9but pour un acc\u00e8s \u00e0 l\u2019enseignement pour tous. Contre le cynisme de Jean Lecanuet, qui jugeait que les enfants de la vall\u00e9e du Cailly n\u2019avaient pas d\u2019app\u00e9tence pour l\u2019enseignement long, Colette Privat fera valoir une d\u00e9termination que le Pr\u00e9sident du D\u00e9partement avait sans doute sous-estim\u00e9e. Ind\u00e9niablement sa t\u00e9nacit\u00e9 aura eu raison du m\u00e9pris de l\u2019\u00e9dile rouennais. Il faut dire que Colette Privat connaissait bien son sujet pour avoir \u00e9t\u00e9 de 1981 \u00e0 1983, membre du cabinet de Marcel Rigout, ministre de la Formation professionnelle, o\u00f9 elle fut charg\u00e9e de mission pour la formation professionnelle des femmes. Ce poste n\u2019est bien entendu pas le fruit du hasard.<span class=\"Apple-converted-space\">\u00a0<\/span><\/p>\n<p class=\"p1\">Il me revient en m\u00e9moire ma premi\u00e8re rencontre avec cette femme d\u2019exception en 1990, le 12 novembre pr\u00e9cis\u00e9ment. Je n\u2019\u00e9tais alors qu\u2019un jeune d\u00e9l\u00e9gu\u00e9 des \u00e9l\u00e8ves et, \u00e0 ce titre, j\u2019eus le privil\u00e8ge d\u2019inaugurer le lyc\u00e9e de la vall\u00e9e du Cailly aux c\u00f4t\u00e9s de Pierre Beregovoy et de Colette Privat. Comme bon nombre de personnes, je fus saisi par son \u00e9loquence et sa r\u00e9flexion pour instaurer la priorit\u00e9 \u00e0 l\u2019\u00e9ducation et garantir l\u2019\u00e9galit\u00e9 des chances pour tous.<span class=\"Apple-converted-space\">\u00a0<\/span><\/p>\n<p class=\"p1\">En 1977, Colette Privat est \u00e9lue maire de Maromme. Avec son \u00e9quipe de l\u2019Union de la gauche, et alors que la ville est au bord de la faillite, elle entreprend la reconstruction du centre-ville d\u00e9truit, selon elle, \u00ab \u00e0 la suite d\u2019une op\u00e9ration d\u00e9sastreuse des banques \u00bb mais aussi par la conduite de projets disproportionn\u00e9s de la pr\u00e9c\u00e9dente municipalit\u00e9. Ainsi, durant deux d\u00e9cennies, elle va s\u2019efforcer de cr\u00e9er les conditions d\u2019une vie agr\u00e9able pour tous les Marommais en dotant la commune d\u2019\u00e9quipements culturels, sportifs, sociaux, scolaires ainsi que de deux zones industrielles. Son ambition \u00e9tait clairement affich\u00e9e, il s\u2019agissait de faire de Maromme \u00ab une petite ville et non une banlieue sans \u00e2me \u00bb.<span class=\"Apple-converted-space\">\u00a0<\/span><\/p>\n<p class=\"p1\">Une grande dame s\u2019en est all\u00e9e. Colette Privat \u00e9tait une femme assur\u00e9ment de convictions, nullement de certitudes. Elle \u00e9tait une femme de gauche &#8211; pour l\u2019Union de la gauche &#8211; mais sa voix \u00e9tait entendue bien au-del\u00e0 des clivages et des familles politiques. Elle \u00e9tait inspir\u00e9e et inspirait par son opini\u00e2tret\u00e9 naturelle et sa bienveillance de tous les instants. Elle fut une \u00e9g\u00e9rie pour toute une g\u00e9n\u00e9ration dont je fais partie. Colette Privat incarnait la probit\u00e9 et la sinc\u00e9rit\u00e9 de l\u2019engagement en politique. Elle \u00e9tait un exemple. R\u00e9publicaine patent\u00e9e, elle avait pour boussole l\u2019int\u00e9r\u00eat g\u00e9n\u00e9ral et le bien public. Je dirais, plus pr\u00e9cis\u00e9ment, qu\u2019elle avait pour horizon le bien-\u00eatre collectif. Elle a toujours gard\u00e9 ce cap sans jamais s\u2019en \u00e9carter. Elle n\u2019aura eu de cesse de combattre les in\u00e9galit\u00e9s. Tout au long de sa vie, elle aura d\u00e9fendu ses valeurs avec une ferveur insatiable et une humilit\u00e9 qui force le respect.<span class=\"Apple-converted-space\">\u00a0<\/span><\/p>\n<p class=\"p1\">La ville lui doit beaucoup. Nous lui devons beaucoup. Je sais qu\u2019elle n\u2019aurait pas aim\u00e9 que nous lui rendions hommage. Colette Privat n\u2019\u00e9tait pas du genre \u00e0 se laisser attendrir par les compliments, encore moins par les \u00e9loges ou les d\u00e9corations. Elle avait fait de sa qu\u00eate d\u2019un monde meilleur, d\u2019un monde plus juste, une cause qui d\u00e9passait largement les individualit\u00e9s. Ce principe \u00f4 combien respectable, elle se l\u2019appliquait avant tout \u00e0 elle-m\u00eame par souci de coh\u00e9rence. Nomm\u00e9e chevali\u00e8re de la L\u00e9gion d\u2019honneur, elle refusa cette distinction. Ce geste symbolique r\u00e9sume, \u00e0 mes yeux, la grandeur de son humanisme. Pas d\u2019hommage donc, mais les remerciements appuy\u00e9s de toute une ville, reconnaissante, unie et solidaire.<span class=\"Apple-converted-space\">\u00a0<\/span><\/p>\n","protected":false},"excerpt":{"rendered":"<p>Communiqu\u00e9 de David Lamiray, Maire de Maromme &nbsp; Une grande dame s\u2019en est all\u00e9e.\u00a0 \u00c0 95 ans, Colette Privat a tir\u00e9 sa r\u00e9v\u00e9rence et c\u2019est toute une ville qui est aujourd\u2019hui en peine. Maromme vient en effet de perdre l\u2019une des grandes figures de son histoire contemporaine, celle qui avait su \u00e0 la fin des&#8230; <\/p>\n<div class=\"link-more\"><a href=\"https:\/\/marommeactu.fr\/?p=21156\">En savoir plus<\/a><\/div>\n","protected":false},"author":1,"featured_media":21157,"comment_status":"closed","ping_status":"closed","sticky":false,"template":"","format":"standard","meta":{"footnotes":""},"categories":[6],"tags":[],"_links":{"self":[{"href":"https:\/\/marommeactu.fr\/index.php?rest_route=\/wp\/v2\/posts\/21156"}],"collection":[{"href":"https:\/\/marommeactu.fr\/index.php?rest_route=\/wp\/v2\/posts"}],"about":[{"href":"https:\/\/marommeactu.fr\/index.php?rest_route=\/wp\/v2\/types\/post"}],"author":[{"embeddable":true,"href":"https:\/\/marommeactu.fr\/index.php?rest_route=\/wp\/v2\/users\/1"}],"replies":[{"embeddable":true,"href":"https:\/\/marommeactu.fr\/index.php?rest_route=%2Fwp%2Fv2%2Fcomments&post=21156"}],"version-history":[{"count":2,"href":"https:\/\/marommeactu.fr\/index.php?rest_route=\/wp\/v2\/posts\/21156\/revisions"}],"predecessor-version":[{"id":21159,"href":"https:\/\/marommeactu.fr\/index.php?rest_route=\/wp\/v2\/posts\/21156\/revisions\/21159"}],"wp:featuredmedia":[{"embeddable":true,"href":"https:\/\/marommeactu.fr\/index.php?rest_route=\/wp\/v2\/media\/21157"}],"wp:attachment":[{"href":"https:\/\/marommeactu.fr\/index.php?rest_route=%2Fwp%2Fv2%2Fmedia&parent=21156"}],"wp:term":[{"taxonomy":"category","embeddable":true,"href":"https:\/\/marommeactu.fr\/index.php?rest_route=%2Fwp%2Fv2%2Fcategories&post=21156"},{"taxonomy":"post_tag","embeddable":true,"href":"https:\/\/marommeactu.fr\/index.php?rest_route=%2Fwp%2Fv2%2Ftags&post=21156"}],"curies":[{"name":"wp","href":"https:\/\/api.w.org\/{rel}","templated":true}]}}