{"id":21085,"date":"2021-02-03T10:32:58","date_gmt":"2021-02-03T09:32:58","guid":{"rendered":"http:\/\/marommeactu.fr\/?p=21085"},"modified":"2021-10-22T15:27:53","modified_gmt":"2021-10-22T13:27:53","slug":"conseil-municipal-un-budget-exceptionnel-entre-solidarite-et-developpement-durable","status":"publish","type":"post","link":"https:\/\/marommeactu.fr\/?p=21085","title":{"rendered":"CONSEIL MUNICIPAL &#8211; Un budget exceptionnel, entre solidarit\u00e9 et d\u00e9veloppement durable"},"content":{"rendered":"<h2 class=\"p1\" style=\"text-align: center;\">Communiqu\u00e9 de\u00a0la Ville de Maromme<\/h2>\n<p><a href=\"http:\/\/marommeactu.fr\/wp-content\/uploads\/2021\/02\/Capture-d\u2019e\u0301cran-2021-02-03-a\u0300-08.35.30.png\"><img loading=\"lazy\" decoding=\"async\" class=\"aligncenter wp-image-21092 size-medium\" src=\"http:\/\/marommeactu.fr\/wp-content\/uploads\/2021\/02\/Capture-d\u2019e\u0301cran-2021-02-03-a\u0300-08.35.30-300x213.png\" alt=\"Capture d\u2019e\u0301cran 2021-02-03 a\u0300 08.35.30\" width=\"300\" height=\"213\" srcset=\"https:\/\/marommeactu.fr\/wp-content\/uploads\/2021\/02\/Capture-d\u2019e\u0301cran-2021-02-03-a\u0300-08.35.30-300x213.png 300w, https:\/\/marommeactu.fr\/wp-content\/uploads\/2021\/02\/Capture-d\u2019e\u0301cran-2021-02-03-a\u0300-08.35.30-768x544.png 768w, https:\/\/marommeactu.fr\/wp-content\/uploads\/2021\/02\/Capture-d\u2019e\u0301cran-2021-02-03-a\u0300-08.35.30-1024x726.png 1024w, https:\/\/marommeactu.fr\/wp-content\/uploads\/2021\/02\/Capture-d\u2019e\u0301cran-2021-02-03-a\u0300-08.35.30-423x300.png 423w\" sizes=\"(max-width: 300px) 100vw, 300px\" \/><\/a><\/p>\n<p class=\"p1\"><b>Le premier Conseil Municipal de l\u2019ann\u00e9e s\u2019est tenu en visioconf\u00e9rence ce mardi 2 f\u00e9vrier \u00e0 19h. Fait exceptionnel, il \u00e9tait possible de suivre la s\u00e9ance en direct sur la chaine YouTube de la commune.\u00a0<\/b><\/p>\n<p class=\"p1\"><b>A l\u2019ordre du jour, le vote du budget primitif de l\u2019exercice 2021 \u00e9tait l\u2019\u00e9l\u00e9ment phare de cette session. <\/b>Un chiffre cl\u00e9 a retenu l\u2019attention, ce sont les 4 265 663 \u20ac pr\u00e9vus en mati\u00e8re d\u2019investissement. Cette contribution, plus \u00e9lev\u00e9e qu\u2019\u00e0 l\u2019accoutum\u00e9e, fait la fiert\u00e9 du Maire :<b> <\/b>\u00ab<i>\u00a0La gestion financi\u00e8re rigoureuse de ces six derni\u00e8res ann\u00e9es, qui a entra\u00een\u00e9 une baisse des d\u00e9penses de fonctionnement et une diminution consid\u00e9rable de l\u2019endettement de la commune, nous permet aujourd\u2019hui de faire face \u00e0 la crise et d\u2019\u00eatre \u00e0 la hauteur des enjeux \u00bb<\/i>.<span class=\"Apple-converted-space\">\u00a0<\/span><\/p>\n<p class=\"p1\">Un motif de satisfaction d\u2019autant plus l\u00e9gitime que cette participation renforc\u00e9e ne sera pas synonyme d\u2019accroissement de la pression fiscale. \u00ab<i>\u00a0Les taux d\u2019imposition qui seront vot\u00e9s pour 2021 resteront inchang\u00e9s, comme c\u2019est le cas depuis maintenant sept ans \u00bb<\/i> se f\u00e9licite ainsi David Lamiray.<\/p>\n<p class=\"p1\">D\u00e9sormais sur de bons rails, la commune mobilise donc pleinement ses ressources pour \u00ab<i>\u00a0participer \u00e0 la relance et soutenir l\u2019activit\u00e9 sociale, \u00e9conomique et associative \u00bb<\/i>, pr\u00e9cise l\u2019\u00e9lu. Aussi, apr\u00e8s avoir vot\u00e9 en d\u00e9cembre dernier l\u2019attribution de 80 000 \u20ac de subventions en faveur du Centre Communal d\u2019Action Sociale et de l\u2019Association des Commer\u00e7ants et Artisans, la municipalit\u00e9 a cette fois ent\u00e9rin\u00e9 un fonds de secours exceptionnel de 40 000 \u20ac \u00e0 destination du monde associatif. Un geste fort, qui t\u00e9moigne d\u2019une volont\u00e9 de ne laisser personne de c\u00f4t\u00e9 en ces temps de crise.<span class=\"Apple-converted-space\">\u00a0<\/span><\/p>\n<p class=\"p1\">Cette d\u00e9termination \u00e0 renforcer les solidarit\u00e9s s\u2019est \u00e9galement concr\u00e9tis\u00e9e par le vote au budget du projet d\u2019am\u00e9nagement de La Canop\u00e9e, espace de vie social auquel seront consacr\u00e9s plus de 400 000 \u20ac.<span class=\"Apple-converted-space\">\u00a0<\/span><\/p>\n<p class=\"p1\">Par ailleurs, l\u2019exon\u00e9ration de loyer pour les \u00e9tablissements en difficult\u00e9 de la zone d\u2019activit\u00e9 municipale permettra d\u2019am\u00e9liorer la situation des entrepreneurs de la commune.<\/p>\n<p class=\"p1\">Le second volet important de ce budget 2021 \u00e9tait ax\u00e9 autour du d\u00e9veloppement durable qui, pour la premi\u00e8re fois, se voyait dot\u00e9 d\u2019une ligne d\u00e9di\u00e9e.<span class=\"Apple-converted-space\">\u00a0<\/span><\/p>\n<p class=\"p1\">Non-contente de r\u00e9pondre aux probl\u00e9matiques actuelles, la municipalit\u00e9 s\u2019\u00e9vertue en effet \u00e0 penser l\u2019avenir en pr\u00e9servant son patrimoine, en r\u00e9visant ses modes de consommation et en tentant de faire \u00e9voluer les consciences.<\/p>\n<p class=\"p1\">Premi\u00e8res dispositions envisag\u00e9es, le renouvellement d\u2019une partie de sa flotte de v\u00e9hicules, en privil\u00e9giant les motorisations \u00e9lectriques, et le passage \u00e0 l\u2019\u00e9clairage LED de ses principaux \u00e9quipements municipaux, dans la continuit\u00e9 des am\u00e9nagements men\u00e9s en centre-ville. Une mani\u00e8re visible de donner le bon exemple.<\/p>\n<p class=\"p1\">En parall\u00e8le, et afin de sensibiliser ses administr\u00e9s d\u00e8s le plus jeune \u00e2ge, des agencements seront \u00e9galement effectu\u00e9s dans le milieu scolaire. Par cons\u00e9quent, des tables de tri vont \u00eatre install\u00e9es dans les \u00e9coles primaires pour lutter contre le gaspillage alimentaire, alors que Maromme int\u00e9grera sous peu le premier label de d\u00e9veloppement durable d\u00e9di\u00e9 \u00e0 la petite enfance (\u00c9colo Cr\u00e8che), dont l\u2019objectif est de r\u00e9duire l\u2019impact des cr\u00e8ches sur l\u2019environnement tout en am\u00e9liorant la qualit\u00e9 de vie des enfants.<span class=\"Apple-converted-space\">\u00a0<\/span><\/p>\n<p class=\"p1\">Quant \u00e0 l\u2019am\u00e9nagement de son territoire, la Ville sera \u00e0 l\u2019origine de multiples initiatives visant \u00e0 bonifier son patrimoine b\u00e2ti et paysager (cr\u00e9ation d\u2019un chemin forestier en pente douce pour relier ville-haute et ville-basse, plantation d\u2019arbres, \u00e9tude paysag\u00e8re sur le parc de l\u2019h\u00f4tel de ville, d\u00e9veloppement des pistes cyclables, r\u00e9fection de la roue Tifine, etc.), tout en faisant une large part \u00e0 la notion d\u2019accessibilit\u00e9.<\/p>\n<p class=\"p1\">Dans la continuit\u00e9 des ambitieux projets qui ont vu le jour ces derni\u00e8res ann\u00e9es (\u00e9laboration d\u2019un r\u00e9seau de chaleur Biomasse, am\u00e9nagement du Cailly, cr\u00e9ation de voies vertes), la Ville s\u2019attelle de la sorte \u00e0 parfaire sa transition \u00e9cologique. Le mois de l\u2019environnement, pr\u00e9vu sur la commune en septembre prochain, devrait \u00eatre le point d\u2019orgue de cette politique ambitieuse.<\/p>\n<p class=\"p1\">Enfin, outre les questions de solidarit\u00e9 et de d\u00e9veloppement durable, d\u2019autres grands th\u00e8mes ont \u00e9galement<span class=\"Apple-converted-space\">\u00a0 <\/span>\u00e9t\u00e9 abord\u00e9s ce mardi. La Culture et l\u2019\u00c9ducation, qui ont eu \u00e0 souffrir des cons\u00e9quences de la pand\u00e9mie, n\u2019ont pas \u00e9t\u00e9 oubli\u00e9es. C\u2019est pourquoi de nombreux \u00e9quipements municipaux profiteront eux aussi d\u2019une campagne de restauration, \u00e0 l\u2019image des \u00e9tablissements scolaires (Delbos, Dolto, Flaubert), de l\u2019espace Beaumarchais ou de l\u2019\u00e9cole de Musique pour laquelle les marommais b\u00e9n\u00e9ficieront de tarifs r\u00e9duits. La m\u00e9diath\u00e8que sera, elle, agrandie, dans le cadre du projet de r\u00e9habilitation de l\u2019ancienne mairie. Pour finir, une importante dotation permettra le d\u00e9veloppement du parc informatique, ceci afin de r\u00e9pondre aux imp\u00e9ratifs de l\u2019enseignement \u00e0 distance et dans l\u2019optique de lutter contre le d\u00e9crochage scolaire.<\/p>\n<p class=\"p1\">2021 sera une ann\u00e9e charni\u00e8re, avec son lot de d\u00e9fis sociaux, environnementaux et \u00e9conomiques. Maromme, en se dotant d\u2019un budget audacieux, entend bien les relever.<\/p>\n","protected":false},"excerpt":{"rendered":"<p>Communiqu\u00e9 de\u00a0la Ville de Maromme Le premier Conseil Municipal de l\u2019ann\u00e9e s\u2019est tenu en visioconf\u00e9rence ce mardi 2 f\u00e9vrier \u00e0 19h. Fait exceptionnel, il \u00e9tait possible de suivre la s\u00e9ance en direct sur la chaine YouTube de la commune.\u00a0 A l\u2019ordre du jour, le vote du budget primitif de l\u2019exercice 2021 \u00e9tait l\u2019\u00e9l\u00e9ment phare de&#8230; <\/p>\n<div class=\"link-more\"><a href=\"https:\/\/marommeactu.fr\/?p=21085\">En savoir plus<\/a><\/div>\n","protected":false},"author":1,"featured_media":21088,"comment_status":"closed","ping_status":"closed","sticky":false,"template":"","format":"standard","meta":{"footnotes":""},"categories":[6],"tags":[],"_links":{"self":[{"href":"https:\/\/marommeactu.fr\/index.php?rest_route=\/wp\/v2\/posts\/21085"}],"collection":[{"href":"https:\/\/marommeactu.fr\/index.php?rest_route=\/wp\/v2\/posts"}],"about":[{"href":"https:\/\/marommeactu.fr\/index.php?rest_route=\/wp\/v2\/types\/post"}],"author":[{"embeddable":true,"href":"https:\/\/marommeactu.fr\/index.php?rest_route=\/wp\/v2\/users\/1"}],"replies":[{"embeddable":true,"href":"https:\/\/marommeactu.fr\/index.php?rest_route=%2Fwp%2Fv2%2Fcomments&post=21085"}],"version-history":[{"count":6,"href":"https:\/\/marommeactu.fr\/index.php?rest_route=\/wp\/v2\/posts\/21085\/revisions"}],"predecessor-version":[{"id":21456,"href":"https:\/\/marommeactu.fr\/index.php?rest_route=\/wp\/v2\/posts\/21085\/revisions\/21456"}],"wp:featuredmedia":[{"embeddable":true,"href":"https:\/\/marommeactu.fr\/index.php?rest_route=\/wp\/v2\/media\/21088"}],"wp:attachment":[{"href":"https:\/\/marommeactu.fr\/index.php?rest_route=%2Fwp%2Fv2%2Fmedia&parent=21085"}],"wp:term":[{"taxonomy":"category","embeddable":true,"href":"https:\/\/marommeactu.fr\/index.php?rest_route=%2Fwp%2Fv2%2Fcategories&post=21085"},{"taxonomy":"post_tag","embeddable":true,"href":"https:\/\/marommeactu.fr\/index.php?rest_route=%2Fwp%2Fv2%2Ftags&post=21085"}],"curies":[{"name":"wp","href":"https:\/\/api.w.org\/{rel}","templated":true}]}}