{"id":2027,"date":"2017-08-18T13:46:19","date_gmt":"2017-08-18T11:46:19","guid":{"rendered":"http:\/\/marommeactu.fr\/?p=2027"},"modified":"2017-08-18T13:46:19","modified_gmt":"2017-08-18T11:46:19","slug":"une-journee-au-square","status":"publish","type":"post","link":"https:\/\/marommeactu.fr\/?p=2027","title":{"rendered":"Une journ\u00e9e au square"},"content":{"rendered":"<div data-contents=\"true\">\n<div class=\"\" data-offset-key=\"l510-0-0\" data-editor=\"8lc6i\" data-block=\"true\">\n<div class=\"_1mf _1mj\" data-offset-key=\"l510-0-0\"><span data-offset-key=\"l510-0-0\"><span data-text=\"true\">Apr\u00e8s le succ\u00e8s d&rsquo;une \u00ab\u00a0journ\u00e9e au Parc\u00a0\u00bb le 8 juillet dernier qui inaugurait la saison estivale, la Ville de Maromme vous donne rendez-vous le <strong>dimanche 27 ao\u00fbt au square Norderstedt \u00e0 partir de 14h<\/strong>. Cette fois-ci, il s&rsquo;agit de cl\u00f4turer ensemble l&rsquo;op\u00e9ration \u00ab\u00a0Un \u00e9t\u00e9 \u00e0 Maromme\u00a0\u00bb, avec une apr\u00e8s-midi ludique et festive, ouvertes \u00e0 tous. Au programme : Jungle fun, equalizer, trampolines, toboggan, athl\u00e9tisme, judo, tir \u00e0 l&rsquo;arc\u2026 <\/span><\/span><\/div>\n<\/div>\n<div class=\"\" data-offset-key=\"152n4-0-0\" data-editor=\"8lc6i\" data-block=\"true\">\n<div class=\"_1mf _1mj\" data-offset-key=\"152n4-0-0\"><span data-offset-key=\"152n4-0-0\"><span data-text=\"true\">Venez nombreux !<br \/>\n<\/span><\/span><\/div>\n<div class=\"_1mf _1mj\" data-offset-key=\"152n4-0-0\"><a href=\"http:\/\/marommeactu.fr\/wp-content\/uploads\/2017\/08\/Jsquare.jpg\"><img loading=\"lazy\" decoding=\"async\" class=\"alignnone size-large wp-image-2028\" src=\"http:\/\/marommeactu.fr\/wp-content\/uploads\/2017\/08\/Jsquare-512x1024.jpg\" alt=\"Jsquare\" width=\"512\" height=\"1024\" srcset=\"https:\/\/marommeactu.fr\/wp-content\/uploads\/2017\/08\/Jsquare-512x1024.jpg 512w, https:\/\/marommeactu.fr\/wp-content\/uploads\/2017\/08\/Jsquare-150x300.jpg 150w, https:\/\/marommeactu.fr\/wp-content\/uploads\/2017\/08\/Jsquare-768x1536.jpg 768w, https:\/\/marommeactu.fr\/wp-content\/uploads\/2017\/08\/Jsquare.jpg 1250w\" sizes=\"(max-width: 512px) 100vw, 512px\" \/><\/a><\/div>\n<\/div>\n<\/div>\n","protected":false},"excerpt":{"rendered":"<p>Apr\u00e8s le succ\u00e8s d&rsquo;une \u00ab\u00a0journ\u00e9e au Parc\u00a0\u00bb le 8 juillet dernier qui inaugurait la saison estivale, la Ville de Maromme vous donne rendez-vous le dimanche 27 ao\u00fbt au square Norderstedt \u00e0 partir de 14h. Cette fois-ci, il s&rsquo;agit de cl\u00f4turer ensemble l&rsquo;op\u00e9ration \u00ab\u00a0Un \u00e9t\u00e9 \u00e0 Maromme\u00a0\u00bb, avec une apr\u00e8s-midi ludique et festive, ouvertes \u00e0 tous&#8230;. <\/p>\n<div class=\"link-more\"><a href=\"https:\/\/marommeactu.fr\/?p=2027\">En savoir plus<\/a><\/div>\n","protected":false},"author":1,"featured_media":2029,"comment_status":"closed","ping_status":"closed","sticky":false,"template":"","format":"standard","meta":{"footnotes":""},"categories":[5],"tags":[],"_links":{"self":[{"href":"https:\/\/marommeactu.fr\/index.php?rest_route=\/wp\/v2\/posts\/2027"}],"collection":[{"href":"https:\/\/marommeactu.fr\/index.php?rest_route=\/wp\/v2\/posts"}],"about":[{"href":"https:\/\/marommeactu.fr\/index.php?rest_route=\/wp\/v2\/types\/post"}],"author":[{"embeddable":true,"href":"https:\/\/marommeactu.fr\/index.php?rest_route=\/wp\/v2\/users\/1"}],"replies":[{"embeddable":true,"href":"https:\/\/marommeactu.fr\/index.php?rest_route=%2Fwp%2Fv2%2Fcomments&post=2027"}],"version-history":[{"count":2,"href":"https:\/\/marommeactu.fr\/index.php?rest_route=\/wp\/v2\/posts\/2027\/revisions"}],"predecessor-version":[{"id":2031,"href":"https:\/\/marommeactu.fr\/index.php?rest_route=\/wp\/v2\/posts\/2027\/revisions\/2031"}],"wp:featuredmedia":[{"embeddable":true,"href":"https:\/\/marommeactu.fr\/index.php?rest_route=\/wp\/v2\/media\/2029"}],"wp:attachment":[{"href":"https:\/\/marommeactu.fr\/index.php?rest_route=%2Fwp%2Fv2%2Fmedia&parent=2027"}],"wp:term":[{"taxonomy":"category","embeddable":true,"href":"https:\/\/marommeactu.fr\/index.php?rest_route=%2Fwp%2Fv2%2Fcategories&post=2027"},{"taxonomy":"post_tag","embeddable":true,"href":"https:\/\/marommeactu.fr\/index.php?rest_route=%2Fwp%2Fv2%2Ftags&post=2027"}],"curies":[{"name":"wp","href":"https:\/\/api.w.org\/{rel}","templated":true}]}}