{"id":20164,"date":"2019-02-11T13:41:28","date_gmt":"2019-02-11T12:41:28","guid":{"rendered":"http:\/\/marommeactu.fr\/?p=20164"},"modified":"2019-02-11T17:24:25","modified_gmt":"2019-02-11T16:24:25","slug":"refection-des-trottoirs-cest-parti","status":"publish","type":"post","link":"https:\/\/marommeactu.fr\/?p=20164","title":{"rendered":"R\u00e9fection des trottoirs : C&rsquo;est parti"},"content":{"rendered":"<p style=\"text-align: justify;\"><a href=\"http:\/\/marommeactu.fr\/wp-content\/uploads\/2019\/02\/Julien-8756.jpg\"><img loading=\"lazy\" decoding=\"async\" class=\"aligncenter size-large wp-image-20167\" src=\"http:\/\/marommeactu.fr\/wp-content\/uploads\/2019\/02\/Julien-8756-1024x683.jpg\" alt=\"Julien-8756\" width=\"1000\" height=\"667\" srcset=\"https:\/\/marommeactu.fr\/wp-content\/uploads\/2019\/02\/Julien-8756-1024x683.jpg 1024w, https:\/\/marommeactu.fr\/wp-content\/uploads\/2019\/02\/Julien-8756-300x200.jpg 300w, https:\/\/marommeactu.fr\/wp-content\/uploads\/2019\/02\/Julien-8756-768x512.jpg 768w, https:\/\/marommeactu.fr\/wp-content\/uploads\/2019\/02\/Julien-8756-288x192.jpg 288w, https:\/\/marommeactu.fr\/wp-content\/uploads\/2019\/02\/Julien-8756-960x640.jpg 960w, https:\/\/marommeactu.fr\/wp-content\/uploads\/2019\/02\/Julien-8756-450x300.jpg 450w, https:\/\/marommeactu.fr\/wp-content\/uploads\/2019\/02\/Julien-8756.jpg 1800w\" sizes=\"(max-width: 1000px) 100vw, 1000px\" \/><\/a><br \/>\nDepuis quelques jours, les entreprises sont en action rue B\u00e9rat. La grande, et tant attendue des riverains, r\u00e9fection des trottoirs du quartier pavillonnaire de La Maine est bien lanc\u00e9e. \u00c0 la demande de la Ville de Maromme, la M\u00e9tropole Rouen Normandie s\u2019est en effet engag\u00e9e \u00e0 r\u00e9nover l\u2019ensemble de trottoirs gravillonn\u00e9s. Le remplacement des gravillons par un enrob\u00e9 noir va permettre une circulation plus ais\u00e9e sur les trottoirs des passants et des poussettes.<\/p>\n<p style=\"text-align: justify;\"><a href=\"http:\/\/marommeactu.fr\/wp-content\/uploads\/2019\/02\/Julien-8720.jpg\"><img loading=\"lazy\" decoding=\"async\" class=\"aligncenter size-large wp-image-20166\" src=\"http:\/\/marommeactu.fr\/wp-content\/uploads\/2019\/02\/Julien-8720-1024x683.jpg\" alt=\"Julien-8720\" width=\"1000\" height=\"667\" srcset=\"https:\/\/marommeactu.fr\/wp-content\/uploads\/2019\/02\/Julien-8720-1024x683.jpg 1024w, https:\/\/marommeactu.fr\/wp-content\/uploads\/2019\/02\/Julien-8720-300x200.jpg 300w, https:\/\/marommeactu.fr\/wp-content\/uploads\/2019\/02\/Julien-8720-768x512.jpg 768w, https:\/\/marommeactu.fr\/wp-content\/uploads\/2019\/02\/Julien-8720-288x192.jpg 288w, https:\/\/marommeactu.fr\/wp-content\/uploads\/2019\/02\/Julien-8720-960x640.jpg 960w, https:\/\/marommeactu.fr\/wp-content\/uploads\/2019\/02\/Julien-8720-450x300.jpg 450w, https:\/\/marommeactu.fr\/wp-content\/uploads\/2019\/02\/Julien-8720.jpg 1800w\" sizes=\"(max-width: 1000px) 100vw, 1000px\" \/><\/a><\/p>\n<p style=\"text-align: justify;\">Ce chantier devrait durer un an et concernera successivement les \u00a0rues suivantes :<br \/>\n<strong>Rue Fr\u00e9d\u00e9ric B\u00e9rat<\/strong><br \/>\n<strong>Avenue Jean Millet<\/strong><br \/>\n<strong>Rue Abraham Duquesne<\/strong><br \/>\n<strong>Rue Fran\u00e7ois Malherbe<\/strong><br \/>\n<strong>Rue Jean de B\u00e9thencourt<\/strong><br \/>\n<strong>Rue Jean Ango<\/strong><br \/>\n<strong>Rue Georges Ch\u00e9danne<\/strong><br \/>\n<strong>Rue Fran\u00e7ois Blanchard<\/strong><br \/>\n<strong>Rue Armand Carel<\/strong><br \/>\n<strong>Rue Cavalier de la Salle<br \/>\n<\/strong><strong>Rue\u00a0Daniel Aubert<\/strong><\/p>\n","protected":false},"excerpt":{"rendered":"<p>Depuis quelques jours, les entreprises sont en action rue B\u00e9rat. La grande, et tant attendue des riverains, r\u00e9fection des trottoirs du quartier pavillonnaire de La Maine est bien lanc\u00e9e. \u00c0 la demande de la Ville de Maromme, la M\u00e9tropole Rouen Normandie s\u2019est en effet engag\u00e9e \u00e0 r\u00e9nover l\u2019ensemble de trottoirs gravillonn\u00e9s. Le remplacement des gravillons&#8230; <\/p>\n<div class=\"link-more\"><a href=\"https:\/\/marommeactu.fr\/?p=20164\">En savoir plus<\/a><\/div>\n","protected":false},"author":1,"featured_media":20165,"comment_status":"closed","ping_status":"closed","sticky":false,"template":"","format":"standard","meta":{"footnotes":""},"categories":[4],"tags":[],"_links":{"self":[{"href":"https:\/\/marommeactu.fr\/index.php?rest_route=\/wp\/v2\/posts\/20164"}],"collection":[{"href":"https:\/\/marommeactu.fr\/index.php?rest_route=\/wp\/v2\/posts"}],"about":[{"href":"https:\/\/marommeactu.fr\/index.php?rest_route=\/wp\/v2\/types\/post"}],"author":[{"embeddable":true,"href":"https:\/\/marommeactu.fr\/index.php?rest_route=\/wp\/v2\/users\/1"}],"replies":[{"embeddable":true,"href":"https:\/\/marommeactu.fr\/index.php?rest_route=%2Fwp%2Fv2%2Fcomments&post=20164"}],"version-history":[{"count":3,"href":"https:\/\/marommeactu.fr\/index.php?rest_route=\/wp\/v2\/posts\/20164\/revisions"}],"predecessor-version":[{"id":20171,"href":"https:\/\/marommeactu.fr\/index.php?rest_route=\/wp\/v2\/posts\/20164\/revisions\/20171"}],"wp:featuredmedia":[{"embeddable":true,"href":"https:\/\/marommeactu.fr\/index.php?rest_route=\/wp\/v2\/media\/20165"}],"wp:attachment":[{"href":"https:\/\/marommeactu.fr\/index.php?rest_route=%2Fwp%2Fv2%2Fmedia&parent=20164"}],"wp:term":[{"taxonomy":"category","embeddable":true,"href":"https:\/\/marommeactu.fr\/index.php?rest_route=%2Fwp%2Fv2%2Fcategories&post=20164"},{"taxonomy":"post_tag","embeddable":true,"href":"https:\/\/marommeactu.fr\/index.php?rest_route=%2Fwp%2Fv2%2Ftags&post=20164"}],"curies":[{"name":"wp","href":"https:\/\/api.w.org\/{rel}","templated":true}]}}