{"id":20153,"date":"2019-02-06T15:48:02","date_gmt":"2019-02-06T14:48:02","guid":{"rendered":"http:\/\/marommeactu.fr\/?p=20153"},"modified":"2019-02-06T15:49:12","modified_gmt":"2019-02-06T14:49:12","slug":"les-jeunes-marommais-mobilises-pour-2024","status":"publish","type":"post","link":"https:\/\/marommeactu.fr\/?p=20153","title":{"rendered":"Les jeunes marommais mobilis\u00e9s pour 2024"},"content":{"rendered":"<p><a href=\"http:\/\/marommeactu.fr\/wp-content\/uploads\/2019\/02\/bandeau-semaine-olympique-2019_1051680.189.jpg\"><img loading=\"lazy\" decoding=\"async\" class=\"aligncenter size-full wp-image-20160\" src=\"http:\/\/marommeactu.fr\/wp-content\/uploads\/2019\/02\/bandeau-semaine-olympique-2019_1051680.189.jpg\" alt=\"bandeau-semaine-olympique-2019_1051680.189\" width=\"740\" height=\"288\" srcset=\"https:\/\/marommeactu.fr\/wp-content\/uploads\/2019\/02\/bandeau-semaine-olympique-2019_1051680.189.jpg 740w, https:\/\/marommeactu.fr\/wp-content\/uploads\/2019\/02\/bandeau-semaine-olympique-2019_1051680.189-300x117.jpg 300w, https:\/\/marommeactu.fr\/wp-content\/uploads\/2019\/02\/bandeau-semaine-olympique-2019_1051680.189-600x234.jpg 600w\" sizes=\"(max-width: 740px) 100vw, 740px\" \/><\/a>A l\u2019occasion de la<strong> semaine olympique et paralympique<\/strong>, lanc\u00e9e suite \u00e0 la d\u00e9signation de Paris comme ville h\u00f4te des Jeux en 2024, la Ville de Maromme s\u2019est mobilis\u00e9e afin que tous les jeunes marommais s\u2019\u00e9veillent aux bienfaits de la pratique sportive et s\u2019emparent, plus g\u00e9n\u00e9ralement, des valeurs du sport, de l\u2019olympisme et du paralympisme.<\/p>\n<p>Ainsi, les enfants des 32 classes \u00e9l\u00e9mentaires que compte Maromme ont pu b\u00e9n\u00e9ficier de s\u00e9ances encadr\u00e9es par les \u00e9ducateurs sportifs municipaux. Deux ateliers leur \u00e9taient propos\u00e9s. <a href=\"http:\/\/marommeactu.fr\/wp-content\/uploads\/2019\/02\/MG_8502.jpg\"><img loading=\"lazy\" decoding=\"async\" class=\"aligncenter size-large wp-image-20155\" src=\"http:\/\/marommeactu.fr\/wp-content\/uploads\/2019\/02\/MG_8502-1024x683.jpg\" alt=\"_MG_8502\" width=\"1000\" height=\"667\" srcset=\"https:\/\/marommeactu.fr\/wp-content\/uploads\/2019\/02\/MG_8502-1024x683.jpg 1024w, https:\/\/marommeactu.fr\/wp-content\/uploads\/2019\/02\/MG_8502-300x200.jpg 300w, https:\/\/marommeactu.fr\/wp-content\/uploads\/2019\/02\/MG_8502-768x512.jpg 768w, https:\/\/marommeactu.fr\/wp-content\/uploads\/2019\/02\/MG_8502-288x192.jpg 288w, https:\/\/marommeactu.fr\/wp-content\/uploads\/2019\/02\/MG_8502-960x640.jpg 960w, https:\/\/marommeactu.fr\/wp-content\/uploads\/2019\/02\/MG_8502-450x300.jpg 450w\" sizes=\"(max-width: 1000px) 100vw, 1000px\" \/><\/a> <a href=\"http:\/\/marommeactu.fr\/wp-content\/uploads\/2019\/02\/MG_8528.jpg\"><img loading=\"lazy\" decoding=\"async\" class=\"aligncenter size-large wp-image-20156\" src=\"http:\/\/marommeactu.fr\/wp-content\/uploads\/2019\/02\/MG_8528-1024x683.jpg\" alt=\"_MG_8528\" width=\"1000\" height=\"667\" srcset=\"https:\/\/marommeactu.fr\/wp-content\/uploads\/2019\/02\/MG_8528-1024x683.jpg 1024w, https:\/\/marommeactu.fr\/wp-content\/uploads\/2019\/02\/MG_8528-300x200.jpg 300w, https:\/\/marommeactu.fr\/wp-content\/uploads\/2019\/02\/MG_8528-768x512.jpg 768w, https:\/\/marommeactu.fr\/wp-content\/uploads\/2019\/02\/MG_8528-288x192.jpg 288w, https:\/\/marommeactu.fr\/wp-content\/uploads\/2019\/02\/MG_8528-960x640.jpg 960w, https:\/\/marommeactu.fr\/wp-content\/uploads\/2019\/02\/MG_8528-450x300.jpg 450w\" sizes=\"(max-width: 1000px) 100vw, 1000px\" \/><\/a>Le premier d\u00e9clinait deux activit\u00e9s olympiques, l\u2019arc et la course de vitesse et le second deux sports paralympiques, le volley assis et le c\u00e9cit\u00e9 foot. Une bonne mani\u00e8re d\u2019appr\u00e9hender autrement le handicap dont les enfants du centre de loisirs ont pu faire \u00e9galement l\u2019exp\u00e9rience ce matin, avec la venue de S\u00e9bastien et Philippe du Comit\u00e9 D\u00e9partemental Handisport.\u00a0\u00a0\u00a0 <a href=\"http:\/\/marommeactu.fr\/wp-content\/uploads\/2019\/02\/MG_8560.jpg\"><img loading=\"lazy\" decoding=\"async\" class=\"aligncenter size-large wp-image-20157\" src=\"http:\/\/marommeactu.fr\/wp-content\/uploads\/2019\/02\/MG_8560-1024x683.jpg\" alt=\"_MG_8560\" width=\"1000\" height=\"667\" srcset=\"https:\/\/marommeactu.fr\/wp-content\/uploads\/2019\/02\/MG_8560-1024x683.jpg 1024w, https:\/\/marommeactu.fr\/wp-content\/uploads\/2019\/02\/MG_8560-300x200.jpg 300w, https:\/\/marommeactu.fr\/wp-content\/uploads\/2019\/02\/MG_8560-768x512.jpg 768w, https:\/\/marommeactu.fr\/wp-content\/uploads\/2019\/02\/MG_8560-288x192.jpg 288w, https:\/\/marommeactu.fr\/wp-content\/uploads\/2019\/02\/MG_8560-960x640.jpg 960w, https:\/\/marommeactu.fr\/wp-content\/uploads\/2019\/02\/MG_8560-450x300.jpg 450w\" sizes=\"(max-width: 1000px) 100vw, 1000px\" \/><\/a> <a href=\"http:\/\/marommeactu.fr\/wp-content\/uploads\/2019\/02\/MG_8571.jpg\"><img loading=\"lazy\" decoding=\"async\" class=\"aligncenter size-large wp-image-20158\" src=\"http:\/\/marommeactu.fr\/wp-content\/uploads\/2019\/02\/MG_8571-1024x683.jpg\" alt=\"_MG_8571\" width=\"1000\" height=\"667\" srcset=\"https:\/\/marommeactu.fr\/wp-content\/uploads\/2019\/02\/MG_8571-1024x683.jpg 1024w, https:\/\/marommeactu.fr\/wp-content\/uploads\/2019\/02\/MG_8571-300x200.jpg 300w, https:\/\/marommeactu.fr\/wp-content\/uploads\/2019\/02\/MG_8571-768x512.jpg 768w, https:\/\/marommeactu.fr\/wp-content\/uploads\/2019\/02\/MG_8571-288x192.jpg 288w, https:\/\/marommeactu.fr\/wp-content\/uploads\/2019\/02\/MG_8571-960x640.jpg 960w, https:\/\/marommeactu.fr\/wp-content\/uploads\/2019\/02\/MG_8571-450x300.jpg 450w\" sizes=\"(max-width: 1000px) 100vw, 1000px\" \/><\/a> <a href=\"http:\/\/marommeactu.fr\/wp-content\/uploads\/2019\/02\/MG_8575.jpg\"><img loading=\"lazy\" decoding=\"async\" class=\"aligncenter size-large wp-image-20159\" src=\"http:\/\/marommeactu.fr\/wp-content\/uploads\/2019\/02\/MG_8575-683x1024.jpg\" alt=\"_MG_8575\" width=\"683\" height=\"1024\" srcset=\"https:\/\/marommeactu.fr\/wp-content\/uploads\/2019\/02\/MG_8575-683x1024.jpg 683w, https:\/\/marommeactu.fr\/wp-content\/uploads\/2019\/02\/MG_8575-200x300.jpg 200w, https:\/\/marommeactu.fr\/wp-content\/uploads\/2019\/02\/MG_8575-768x1152.jpg 768w\" sizes=\"(max-width: 683px) 100vw, 683px\" \/><\/a> De leur c\u00f4t\u00e9, les petits de la cr\u00e8che Fran\u00e7oise Dolto se sont retrouv\u00e9s d\u00e8s mardi matin dans la salle Jeanne Thibaux pour une s\u00e9ance sportive o\u00f9 ils se sont entrain\u00e9s \u00e0 viser, attraper, courir, partager non sans mal parfois le m\u00eame ballon\u2026<a href=\"http:\/\/marommeactu.fr\/wp-content\/uploads\/2019\/02\/IMG_0480.jpg\"><img loading=\"lazy\" decoding=\"async\" class=\"aligncenter size-large wp-image-20162\" src=\"http:\/\/marommeactu.fr\/wp-content\/uploads\/2019\/02\/IMG_0480-1024x683.jpg\" alt=\"IMG_0480\" width=\"1000\" height=\"667\" srcset=\"https:\/\/marommeactu.fr\/wp-content\/uploads\/2019\/02\/IMG_0480-1024x683.jpg 1024w, https:\/\/marommeactu.fr\/wp-content\/uploads\/2019\/02\/IMG_0480-300x200.jpg 300w, https:\/\/marommeactu.fr\/wp-content\/uploads\/2019\/02\/IMG_0480-768x512.jpg 768w, https:\/\/marommeactu.fr\/wp-content\/uploads\/2019\/02\/IMG_0480-288x192.jpg 288w, https:\/\/marommeactu.fr\/wp-content\/uploads\/2019\/02\/IMG_0480-960x640.jpg 960w, https:\/\/marommeactu.fr\/wp-content\/uploads\/2019\/02\/IMG_0480-450x300.jpg 450w\" sizes=\"(max-width: 1000px) 100vw, 1000px\" \/><\/a><a href=\"http:\/\/marommeactu.fr\/wp-content\/uploads\/2019\/02\/IMG_0476.jpg\"><img loading=\"lazy\" decoding=\"async\" class=\"aligncenter size-large wp-image-20161\" src=\"http:\/\/marommeactu.fr\/wp-content\/uploads\/2019\/02\/IMG_0476-1024x683.jpg\" alt=\"IMG_0476\" width=\"1000\" height=\"667\" srcset=\"https:\/\/marommeactu.fr\/wp-content\/uploads\/2019\/02\/IMG_0476-1024x683.jpg 1024w, https:\/\/marommeactu.fr\/wp-content\/uploads\/2019\/02\/IMG_0476-300x200.jpg 300w, https:\/\/marommeactu.fr\/wp-content\/uploads\/2019\/02\/IMG_0476-768x512.jpg 768w, https:\/\/marommeactu.fr\/wp-content\/uploads\/2019\/02\/IMG_0476-288x192.jpg 288w, https:\/\/marommeactu.fr\/wp-content\/uploads\/2019\/02\/IMG_0476-960x640.jpg 960w, https:\/\/marommeactu.fr\/wp-content\/uploads\/2019\/02\/IMG_0476-450x300.jpg 450w\" sizes=\"(max-width: 1000px) 100vw, 1000px\" \/><\/a><\/p>\n<p>Maromme Ville active et sportive soutient @Paris2024<\/p>\n","protected":false},"excerpt":{"rendered":"<p>A l\u2019occasion de la semaine olympique et paralympique, lanc\u00e9e suite \u00e0 la d\u00e9signation de Paris comme ville h\u00f4te des Jeux en 2024, la Ville de Maromme s\u2019est mobilis\u00e9e afin que tous les jeunes marommais s\u2019\u00e9veillent aux bienfaits de la pratique sportive et s\u2019emparent, plus g\u00e9n\u00e9ralement, des valeurs du sport, de l\u2019olympisme et du paralympisme. Ainsi,&#8230; <\/p>\n<div class=\"link-more\"><a href=\"https:\/\/marommeactu.fr\/?p=20153\">En savoir plus<\/a><\/div>\n","protected":false},"author":1,"featured_media":20159,"comment_status":"closed","ping_status":"closed","sticky":false,"template":"","format":"standard","meta":{"footnotes":""},"categories":[4],"tags":[],"_links":{"self":[{"href":"https:\/\/marommeactu.fr\/index.php?rest_route=\/wp\/v2\/posts\/20153"}],"collection":[{"href":"https:\/\/marommeactu.fr\/index.php?rest_route=\/wp\/v2\/posts"}],"about":[{"href":"https:\/\/marommeactu.fr\/index.php?rest_route=\/wp\/v2\/types\/post"}],"author":[{"embeddable":true,"href":"https:\/\/marommeactu.fr\/index.php?rest_route=\/wp\/v2\/users\/1"}],"replies":[{"embeddable":true,"href":"https:\/\/marommeactu.fr\/index.php?rest_route=%2Fwp%2Fv2%2Fcomments&post=20153"}],"version-history":[{"count":1,"href":"https:\/\/marommeactu.fr\/index.php?rest_route=\/wp\/v2\/posts\/20153\/revisions"}],"predecessor-version":[{"id":20163,"href":"https:\/\/marommeactu.fr\/index.php?rest_route=\/wp\/v2\/posts\/20153\/revisions\/20163"}],"wp:featuredmedia":[{"embeddable":true,"href":"https:\/\/marommeactu.fr\/index.php?rest_route=\/wp\/v2\/media\/20159"}],"wp:attachment":[{"href":"https:\/\/marommeactu.fr\/index.php?rest_route=%2Fwp%2Fv2%2Fmedia&parent=20153"}],"wp:term":[{"taxonomy":"category","embeddable":true,"href":"https:\/\/marommeactu.fr\/index.php?rest_route=%2Fwp%2Fv2%2Fcategories&post=20153"},{"taxonomy":"post_tag","embeddable":true,"href":"https:\/\/marommeactu.fr\/index.php?rest_route=%2Fwp%2Fv2%2Ftags&post=20153"}],"curies":[{"name":"wp","href":"https:\/\/api.w.org\/{rel}","templated":true}]}}