{"id":20121,"date":"2019-01-22T13:25:00","date_gmt":"2019-01-22T12:25:00","guid":{"rendered":"http:\/\/marommeactu.fr\/?p=20121"},"modified":"2019-01-22T13:25:00","modified_gmt":"2019-01-22T12:25:00","slug":"episode-neigeux-maromme-toujours-reactive","status":"publish","type":"post","link":"https:\/\/marommeactu.fr\/?p=20121","title":{"rendered":"Episode neigeux : Maromme toujours r\u00e9active !"},"content":{"rendered":"<p><a href=\"http:\/\/marommeactu.fr\/wp-content\/uploads\/2019\/01\/neige.jpg\"><img loading=\"lazy\" decoding=\"async\" class=\"size-full wp-image-20122 alignleft\" src=\"http:\/\/marommeactu.fr\/wp-content\/uploads\/2019\/01\/neige.jpg\" alt=\"neige\" width=\"800\" height=\"516\" srcset=\"https:\/\/marommeactu.fr\/wp-content\/uploads\/2019\/01\/neige.jpg 800w, https:\/\/marommeactu.fr\/wp-content\/uploads\/2019\/01\/neige-300x194.jpg 300w, https:\/\/marommeactu.fr\/wp-content\/uploads\/2019\/01\/neige-768x495.jpg 768w, https:\/\/marommeactu.fr\/wp-content\/uploads\/2019\/01\/neige-465x300.jpg 465w\" sizes=\"(max-width: 800px) 100vw, 800px\" \/><\/a><\/p>\n<p style=\"text-align: justify;\">Comme \u00e0 chaque fois que les conditions climatiques le r\u00e9clament, Maromme mobilise\u00a0les moyens n\u00e9cessaires. Une cellule de veille est mise en place avec des personnels d&rsquo;astreintes qui peuvent intervenir \u00e0 tous moments. Ce matin, d\u00e8s 7 heures, \u00e0 l&rsquo;arriv\u00e9e des premiers flocons, deux agents se sont mis en route avec la saleuse + lame pour sillonner les rues de la ville. \u00c0 8 heures, un deuxi\u00e8me camion avec deux agents est venu en renfort. L&rsquo;ensemble des agents de voirie et des espaces verts ont \u00e9t\u00e9 eux aussi \u00e9galement mobilis\u00e9 pour le salage des espaces publics.\u00a013 agents auront donc \u00e9t\u00e9 sur le pont ce matin pour s\u00e9curiser les routes et chemins pi\u00e9tonniers de la ville.<\/p>\n<p style=\"text-align: justify;\">Il est \u00e0 rappeler \u00e0 cette occasion que le r\u00e8glement des communes stipule qu&rsquo;il est de la responsabilit\u00e9 de chaque riverain de veiller \u00e0 l&rsquo;\u00e9tat de son trottoir, \u00e0 savoir \u00ab\u00a0<em>racler et balayer le trottoir au droit de leur propri\u00e9t\u00e9 et de jeter du sable ou du sel afin d&rsquo;\u00e9viter la formation de verglas<\/em>\u00ab\u00a0.<\/p>\n","protected":false},"excerpt":{"rendered":"<p>Comme \u00e0 chaque fois que les conditions climatiques le r\u00e9clament, Maromme mobilise\u00a0les moyens n\u00e9cessaires. Une cellule de veille est mise en place avec des personnels d&rsquo;astreintes qui peuvent intervenir \u00e0 tous moments. Ce matin, d\u00e8s 7 heures, \u00e0 l&rsquo;arriv\u00e9e des premiers flocons, deux agents se sont mis en route avec la saleuse + lame pour&#8230; <\/p>\n<div class=\"link-more\"><a href=\"https:\/\/marommeactu.fr\/?p=20121\">En savoir plus<\/a><\/div>\n","protected":false},"author":1,"featured_media":20122,"comment_status":"closed","ping_status":"closed","sticky":false,"template":"","format":"standard","meta":{"footnotes":""},"categories":[4],"tags":[],"_links":{"self":[{"href":"https:\/\/marommeactu.fr\/index.php?rest_route=\/wp\/v2\/posts\/20121"}],"collection":[{"href":"https:\/\/marommeactu.fr\/index.php?rest_route=\/wp\/v2\/posts"}],"about":[{"href":"https:\/\/marommeactu.fr\/index.php?rest_route=\/wp\/v2\/types\/post"}],"author":[{"embeddable":true,"href":"https:\/\/marommeactu.fr\/index.php?rest_route=\/wp\/v2\/users\/1"}],"replies":[{"embeddable":true,"href":"https:\/\/marommeactu.fr\/index.php?rest_route=%2Fwp%2Fv2%2Fcomments&post=20121"}],"version-history":[{"count":1,"href":"https:\/\/marommeactu.fr\/index.php?rest_route=\/wp\/v2\/posts\/20121\/revisions"}],"predecessor-version":[{"id":20123,"href":"https:\/\/marommeactu.fr\/index.php?rest_route=\/wp\/v2\/posts\/20121\/revisions\/20123"}],"wp:featuredmedia":[{"embeddable":true,"href":"https:\/\/marommeactu.fr\/index.php?rest_route=\/wp\/v2\/media\/20122"}],"wp:attachment":[{"href":"https:\/\/marommeactu.fr\/index.php?rest_route=%2Fwp%2Fv2%2Fmedia&parent=20121"}],"wp:term":[{"taxonomy":"category","embeddable":true,"href":"https:\/\/marommeactu.fr\/index.php?rest_route=%2Fwp%2Fv2%2Fcategories&post=20121"},{"taxonomy":"post_tag","embeddable":true,"href":"https:\/\/marommeactu.fr\/index.php?rest_route=%2Fwp%2Fv2%2Ftags&post=20121"}],"curies":[{"name":"wp","href":"https:\/\/api.w.org\/{rel}","templated":true}]}}