{"id":1832,"date":"2017-06-29T12:35:00","date_gmt":"2017-06-29T10:35:00","guid":{"rendered":"http:\/\/marommeactu.fr\/?p=1832"},"modified":"2017-06-29T12:35:00","modified_gmt":"2017-06-29T10:35:00","slug":"reservez-votre-8-juillet","status":"publish","type":"post","link":"https:\/\/marommeactu.fr\/?p=1832","title":{"rendered":"R\u00e9servez votre 8 juillet !"},"content":{"rendered":"<p>Dans le cadre de l&rsquo;op\u00e9ration \u00ab\u00a0Un \u00e9t\u00e9 \u00e0 Maromme\u00a0\u00bb et en ouverture de celle-ci, la Ville lance<strong> le samedi 8 juillet de 14h \u00e0 18h<\/strong>,\u00a0 un \u00e9v\u00e9nement intitul\u00e9 : <strong>\u00ab\u00a0une journ\u00e9e au parc\u00a0\u00bb,<\/strong> en l&rsquo;occurrence celui de Signa. De nombreuses animations ludiques et familiales\u00a0 seront propos\u00e9es gratuitement aux Marommais(es) avec notamment : simulateur de surf, bubble foot, tyrolienne, trampoline et toboggan, p\u00e9tanque, structure gonflable d\u00e9di\u00e9e au 3\/6 ans, beach volley, mini-golf, sandball, transat g\u00e9ant, \u00a0Triporteur hot-dog &amp; glaces, etc\u2026 Tous les ingr\u00e9dients seront r\u00e9unis pour faire de cette journ\u00e9e un grande f\u00eate !!!!<br \/>\nAlors venez nombreux !<br \/>\nVous pouvez \u00e9galement r\u00e9servez votre <strong>dimanche 27 ao\u00fbt<\/strong>, pour un deuxi\u00e8me \u00e9v\u00e9nement similaire, <strong>\u00ab\u00a0Une journ\u00e9e au Square\u00a0\u00bb<\/strong>, celui de Norderstedt, qui cl\u00f4turera l&rsquo;\u00e9t\u00e9.<\/p>\n<p><a href=\"http:\/\/marommeactu.fr\/wp-content\/uploads\/2017\/06\/Ba\u0302chesEstivales-01.jpg\"><img loading=\"lazy\" decoding=\"async\" class=\"alignnone size-large wp-image-1833\" src=\"http:\/\/marommeactu.fr\/wp-content\/uploads\/2017\/06\/Ba\u0302chesEstivales-01-512x1024.jpg\" alt=\"Ba\u0302chesEstivales-01\" width=\"512\" height=\"1024\" srcset=\"https:\/\/marommeactu.fr\/wp-content\/uploads\/2017\/06\/Ba\u0302chesEstivales-01-512x1024.jpg 512w, https:\/\/marommeactu.fr\/wp-content\/uploads\/2017\/06\/Ba\u0302chesEstivales-01-150x300.jpg 150w, https:\/\/marommeactu.fr\/wp-content\/uploads\/2017\/06\/Ba\u0302chesEstivales-01-768x1536.jpg 768w\" sizes=\"(max-width: 512px) 100vw, 512px\" \/><\/a><\/p>\n<p>&nbsp;<\/p>\n<p>&nbsp;<\/p>\n","protected":false},"excerpt":{"rendered":"<p>Dans le cadre de l&rsquo;op\u00e9ration \u00ab\u00a0Un \u00e9t\u00e9 \u00e0 Maromme\u00a0\u00bb et en ouverture de celle-ci, la Ville lance le samedi 8 juillet de 14h \u00e0 18h,\u00a0 un \u00e9v\u00e9nement intitul\u00e9 : \u00ab\u00a0une journ\u00e9e au parc\u00a0\u00bb, en l&rsquo;occurrence celui de Signa. De nombreuses animations ludiques et familiales\u00a0 seront propos\u00e9es gratuitement aux Marommais(es) avec notamment : simulateur de surf,&#8230; <\/p>\n<div class=\"link-more\"><a href=\"https:\/\/marommeactu.fr\/?p=1832\">En savoir plus<\/a><\/div>\n","protected":false},"author":1,"featured_media":1835,"comment_status":"closed","ping_status":"closed","sticky":false,"template":"","format":"standard","meta":{"footnotes":""},"categories":[4,5],"tags":[],"_links":{"self":[{"href":"https:\/\/marommeactu.fr\/index.php?rest_route=\/wp\/v2\/posts\/1832"}],"collection":[{"href":"https:\/\/marommeactu.fr\/index.php?rest_route=\/wp\/v2\/posts"}],"about":[{"href":"https:\/\/marommeactu.fr\/index.php?rest_route=\/wp\/v2\/types\/post"}],"author":[{"embeddable":true,"href":"https:\/\/marommeactu.fr\/index.php?rest_route=\/wp\/v2\/users\/1"}],"replies":[{"embeddable":true,"href":"https:\/\/marommeactu.fr\/index.php?rest_route=%2Fwp%2Fv2%2Fcomments&post=1832"}],"version-history":[{"count":1,"href":"https:\/\/marommeactu.fr\/index.php?rest_route=\/wp\/v2\/posts\/1832\/revisions"}],"predecessor-version":[{"id":1834,"href":"https:\/\/marommeactu.fr\/index.php?rest_route=\/wp\/v2\/posts\/1832\/revisions\/1834"}],"wp:featuredmedia":[{"embeddable":true,"href":"https:\/\/marommeactu.fr\/index.php?rest_route=\/wp\/v2\/media\/1835"}],"wp:attachment":[{"href":"https:\/\/marommeactu.fr\/index.php?rest_route=%2Fwp%2Fv2%2Fmedia&parent=1832"}],"wp:term":[{"taxonomy":"category","embeddable":true,"href":"https:\/\/marommeactu.fr\/index.php?rest_route=%2Fwp%2Fv2%2Fcategories&post=1832"},{"taxonomy":"post_tag","embeddable":true,"href":"https:\/\/marommeactu.fr\/index.php?rest_route=%2Fwp%2Fv2%2Ftags&post=1832"}],"curies":[{"name":"wp","href":"https:\/\/api.w.org\/{rel}","templated":true}]}}