{"id":1800,"date":"2017-06-21T09:28:00","date_gmt":"2017-06-21T07:28:00","guid":{"rendered":"http:\/\/marommeactu.fr\/?p=1800"},"modified":"2021-08-25T14:03:13","modified_gmt":"2021-08-25T12:03:13","slug":"vigilance-orange-canicule-en-seine-maritime","status":"publish","type":"post","link":"https:\/\/marommeactu.fr\/?p=1800","title":{"rendered":"Vigilance Orange Canicule en Seine-Maritime"},"content":{"rendered":"<div class=\"article_entete\">M\u00e9t\u00e9o France a plac\u00e9 le d\u00e9partement de la Seine-Maritime en vigilance orange canicule pour un \u00e9pisode de fortes chaleurs.<\/div>\n<p class=\" text-JUSTIFY\"><b>Face \u00e0 la forte hausse des temp\u00e9ratures<\/b><b>,<\/b>\u00a0<b>M\u00e9t\u00e9o-France vient de placer la Seine-Maritime en vigilance orange canicule.<\/b><\/p>\n<p class=\" text-JUSTIFY\"><b>Le pic de chaleur<\/b><b>\u00a0<\/b><b>est attendu aujourd&rsquo;hui, 21 juin 2017.<\/b><\/p>\n<p class=\" text-JUSTIFY\"><b>L<\/b><b>es temp\u00e9ratures pourront en effet atteindre<\/b><b>\u00a0de 33<\/b><b>\u00b0C<\/b><b>\u00a0\u00e0 37\u00b0C dans les terres et de 28\u00b0C \u00e0 31\u00b0C sur le littoral.<\/b><\/p>\n<p class=\" text-JUSTIFY\"><b>La situation devrait s&rsquo;am\u00e9liorer dans la journ\u00e9e de demain, jeudi pour retrouver des valeurs de 27\u00b0C \u00e0 31\u00b0C en Seine-Maritime.<\/b><\/p>\n<p class=\" text-JUSTIFY\"><b>Au vu de ces temp\u00e9ratures, \u00e9lev\u00e9es, Fabienne Buccio, pr\u00e9f\u00e8te de la r\u00e9gion Normandie, pr\u00e9f\u00e8te de la Seine-Maritime, invite chacun \u00e0 la plus grande prudence et souhaite rappeler, notamment aux personnes fragiles (personnes \u00e2g\u00e9es de plus de 65 ans, personnes handicap\u00e9es, ou malades \u00e0 domicile, personnes d\u00e9pendantes, jeunes enfants et nourrissons), les quelques conseils cl\u00e9s utiles en cas de fortes chaleurs :<\/b><\/p>\n<ul>\n<li><i><b>En cas de malaise ou de troubles du comportement, appelez un m\u00e9decin.<\/b><\/i><\/li>\n<li><i><b>Si vous avez besoin d&rsquo;aide appelez la mairie. <\/b><\/i><\/li>\n<li><i><b>Si vous avez des personnes \u00e2g\u00e9es, souffrant de maladies chroniques ou isol\u00e9es dans votre entourage, prenez de leurs nouvelles ou rendez leur visite deux fois par jour.\u00a0 Accompagnez les dans un endroit frais. <\/b><\/i><\/li>\n<li><i><b>Pendant la journ\u00e9e, fermez volets, rideaux et fen\u00eatres. A\u00e9rez la nuit<\/b><\/i><\/li>\n<li><i><b>Utilisez ventilateur et\/ou climatisation si vous en disposez. Sinon essayez de vous rendre dans un dans un endroit frais ou climatis\u00e9 (grandes surfaces, cin\u00e9mas\u2026) deux \u00e0 trois heures par jour.<\/b><\/i><\/li>\n<li><i><b>Mouillez vous le corps plusieurs fois par jour \u00e0 l&rsquo;aide d&rsquo;un brumisateur, d&rsquo;un gant de toilette ou en prenant des douches ou des bains.<\/b><\/i><\/li>\n<li><i><b>Buvez beaucoup d&rsquo;eau plusieurs fois par jour si vous \u00eates un adulte ou un enfant, et environ 1.5L d&rsquo;eau par jour si vous \u00eates une personne \u00e2g\u00e9e et mangez normalement.<\/b><\/i><\/li>\n<li><i><b>Continuez \u00e0 manger normalement.<\/b><\/i><\/li>\n<li><i><b>Ne sortez pas aux heures les plus chaudes (11h-21h). <\/b><\/i><\/li>\n<li><i><b>Si vous devez sortir portez un chapeau et des v\u00eatements l\u00e9gers<\/b><\/i><\/li>\n<li><i><b>Limitez vos activit\u00e9s physiques.<\/b><\/i><\/li>\n<\/ul>\n<p class=\" text-justify\"><b>Les nourrissons, les jeunes enfants et les adultes s\u2019exposent aussi au risque de la d\u00e9shydratation car ils transpirent beaucoup pour maintenir leur corps \u00e0 la bonne temp\u00e9rature.<\/b><\/p>\n<p class=\" text-justify\"><b>La plate-forme t\u00e9l\u00e9phonique Canicule info service vous conseille d\u00e8s aujourd\u2019hui, au 0 800 06 66 66 (appel gratuit depuis un poste fixe).<\/b><\/p>\n<p class=\" text-justify\"><a href=\"http:\/\/marommeactu.fr\/wp-content\/uploads\/2017\/06\/Recommandations.pdf\">T\u00e9l\u00e9charger la brochure des bons r\u00e9fl\u00e8xes \u00e0 adopter : Recommandations<\/a><\/p>\n","protected":false},"excerpt":{"rendered":"<p>M\u00e9t\u00e9o France a plac\u00e9 le d\u00e9partement de la Seine-Maritime en vigilance orange canicule pour un \u00e9pisode de fortes chaleurs. Face \u00e0 la forte hausse des temp\u00e9ratures,\u00a0M\u00e9t\u00e9o-France vient de placer la Seine-Maritime en vigilance orange canicule. Le pic de chaleur\u00a0est attendu aujourd&rsquo;hui, 21 juin 2017. Les temp\u00e9ratures pourront en effet atteindre\u00a0de 33\u00b0C\u00a0\u00e0 37\u00b0C dans les terres&#8230; <\/p>\n<div class=\"link-more\"><a href=\"https:\/\/marommeactu.fr\/?p=1800\">En savoir plus<\/a><\/div>\n","protected":false},"author":1,"featured_media":1803,"comment_status":"closed","ping_status":"closed","sticky":false,"template":"","format":"standard","meta":{"footnotes":""},"categories":[4],"tags":[],"_links":{"self":[{"href":"https:\/\/marommeactu.fr\/index.php?rest_route=\/wp\/v2\/posts\/1800"}],"collection":[{"href":"https:\/\/marommeactu.fr\/index.php?rest_route=\/wp\/v2\/posts"}],"about":[{"href":"https:\/\/marommeactu.fr\/index.php?rest_route=\/wp\/v2\/types\/post"}],"author":[{"embeddable":true,"href":"https:\/\/marommeactu.fr\/index.php?rest_route=\/wp\/v2\/users\/1"}],"replies":[{"embeddable":true,"href":"https:\/\/marommeactu.fr\/index.php?rest_route=%2Fwp%2Fv2%2Fcomments&post=1800"}],"version-history":[{"count":1,"href":"https:\/\/marommeactu.fr\/index.php?rest_route=\/wp\/v2\/posts\/1800\/revisions"}],"predecessor-version":[{"id":1804,"href":"https:\/\/marommeactu.fr\/index.php?rest_route=\/wp\/v2\/posts\/1800\/revisions\/1804"}],"wp:featuredmedia":[{"embeddable":true,"href":"https:\/\/marommeactu.fr\/index.php?rest_route=\/wp\/v2\/media\/1803"}],"wp:attachment":[{"href":"https:\/\/marommeactu.fr\/index.php?rest_route=%2Fwp%2Fv2%2Fmedia&parent=1800"}],"wp:term":[{"taxonomy":"category","embeddable":true,"href":"https:\/\/marommeactu.fr\/index.php?rest_route=%2Fwp%2Fv2%2Fcategories&post=1800"},{"taxonomy":"post_tag","embeddable":true,"href":"https:\/\/marommeactu.fr\/index.php?rest_route=%2Fwp%2Fv2%2Ftags&post=1800"}],"curies":[{"name":"wp","href":"https:\/\/api.w.org\/{rel}","templated":true}]}}