{"id":1795,"date":"2017-06-20T13:17:02","date_gmt":"2017-06-20T11:17:02","guid":{"rendered":"http:\/\/marommeactu.fr\/?p=1795"},"modified":"2017-06-20T13:17:02","modified_gmt":"2017-06-20T11:17:02","slug":"pollution-de-lair-par-lozone","status":"publish","type":"post","link":"https:\/\/marommeactu.fr\/?p=1795","title":{"rendered":"Pollution de l&rsquo;air par l\u2019ozone"},"content":{"rendered":"<div class=\"page\" title=\"Page 1\">\n<div class=\"section\">\n<div class=\"layoutArea\">\n<div class=\"column\">\n<p>Compte tenu des pre\u0301visions e\u0301mises par Air Normand, Madame Fabienne BUCCIO, pre\u0301fe\u0300te de la Seine-Maritime, pre\u0301fe\u0300te de la Re\u0301gion Normandie, a de\u0301clenche\u0301, pour le mardi 20 et mercredi 21 juin 2017, la proce\u0301dure d\u2019information-recommandation pour une pollution de l\u2019air par l\u2019ozone. En effet, le seuil re\u0301glementaire de 180 ug\/m3 (moyenne horaire) pourrait e\u0302tre atteint ou de\u0301passe\u0301.<\/p>\n<p><a href=\"http:\/\/marommeactu.fr\/wp-content\/uploads\/2017\/06\/Pollution-air-Ozone-info-recommandation.pdf\">T\u00e9l\u00e9charger le communiqu\u00e9 : Pollution air Ozone info-recommandation<\/a><\/p>\n<\/div>\n<\/div>\n<\/div>\n<\/div>\n","protected":false},"excerpt":{"rendered":"<p>Compte tenu des pre\u0301visions e\u0301mises par Air Normand, Madame Fabienne BUCCIO, pre\u0301fe\u0300te de la Seine-Maritime, pre\u0301fe\u0300te de la Re\u0301gion Normandie, a de\u0301clenche\u0301, pour le mardi 20 et mercredi 21 juin 2017, la proce\u0301dure d\u2019information-recommandation pour une pollution de l\u2019air par l\u2019ozone. En effet, le seuil re\u0301glementaire de 180 ug\/m3 (moyenne horaire) pourrait e\u0302tre atteint ou&#8230; <\/p>\n<div class=\"link-more\"><a href=\"https:\/\/marommeactu.fr\/?p=1795\">En savoir plus<\/a><\/div>\n","protected":false},"author":1,"featured_media":627,"comment_status":"closed","ping_status":"closed","sticky":false,"template":"","format":"standard","meta":{"footnotes":""},"categories":[4,6],"tags":[],"_links":{"self":[{"href":"https:\/\/marommeactu.fr\/index.php?rest_route=\/wp\/v2\/posts\/1795"}],"collection":[{"href":"https:\/\/marommeactu.fr\/index.php?rest_route=\/wp\/v2\/posts"}],"about":[{"href":"https:\/\/marommeactu.fr\/index.php?rest_route=\/wp\/v2\/types\/post"}],"author":[{"embeddable":true,"href":"https:\/\/marommeactu.fr\/index.php?rest_route=\/wp\/v2\/users\/1"}],"replies":[{"embeddable":true,"href":"https:\/\/marommeactu.fr\/index.php?rest_route=%2Fwp%2Fv2%2Fcomments&post=1795"}],"version-history":[{"count":1,"href":"https:\/\/marommeactu.fr\/index.php?rest_route=\/wp\/v2\/posts\/1795\/revisions"}],"predecessor-version":[{"id":1797,"href":"https:\/\/marommeactu.fr\/index.php?rest_route=\/wp\/v2\/posts\/1795\/revisions\/1797"}],"wp:featuredmedia":[{"embeddable":true,"href":"https:\/\/marommeactu.fr\/index.php?rest_route=\/wp\/v2\/media\/627"}],"wp:attachment":[{"href":"https:\/\/marommeactu.fr\/index.php?rest_route=%2Fwp%2Fv2%2Fmedia&parent=1795"}],"wp:term":[{"taxonomy":"category","embeddable":true,"href":"https:\/\/marommeactu.fr\/index.php?rest_route=%2Fwp%2Fv2%2Fcategories&post=1795"},{"taxonomy":"post_tag","embeddable":true,"href":"https:\/\/marommeactu.fr\/index.php?rest_route=%2Fwp%2Fv2%2Ftags&post=1795"}],"curies":[{"name":"wp","href":"https:\/\/api.w.org\/{rel}","templated":true}]}}