{"id":1685,"date":"2017-06-01T11:47:31","date_gmt":"2017-06-01T09:47:31","guid":{"rendered":"http:\/\/marommeactu.fr\/?p=1685"},"modified":"2017-06-02T11:42:56","modified_gmt":"2017-06-02T09:42:56","slug":"le-harcelement-scolaire-explique-aux-enfants","status":"publish","type":"post","link":"https:\/\/marommeactu.fr\/?p=1685","title":{"rendered":"Le harc\u00e8lement en milieu scolaire expliqu\u00e9 aux enfants"},"content":{"rendered":"<p>Philippe Hunkeler, brigadier-chef au p\u00f4le pr\u00e9vention de la Direction D\u00e9partementale de la S\u00e9curit\u00e9 Publique, et R\u00e9my Pernel, responsable de la Police municipale de proximit\u00e9 de Maromme, sont venus aujourd&rsquo;hui \u00e0 la rencontre des \u00e9l\u00e8ves de CM2 de l&rsquo;\u00e9cole Jules Ferry pour aborder avec eux la question du harc\u00e8lement en milieu scolaire. Cette intervention r\u00e9pondait aux sollicitations des parents d&rsquo;\u00e9l\u00e8ves et des \u00e9lus qui souhaitaient qu&rsquo;une information compl\u00e8te soit dispens\u00e9e aux enfants sur ce sujet d\u00e9licat et sensible. Le brigadier-chef Philipe Hunkeler est sp\u00e9cialis\u00e9 dans ce type d&rsquo;interventions en milieu scolaire. Avec R\u00e9my Pernel, ils ont ainsi balay\u00e9 l&rsquo;ensemble du sujet en faisant participer les \u00e9l\u00e8ves : d\u00e9finition du harc\u00e8lement, les causes, les cons\u00e9quences, les sanctions, etc\u2026 Les deux repr\u00e9sentants de l&rsquo;ordre ont insist\u00e9 longuement sur la notion de t\u00e9moin, de spectateur et des responsabilit\u00e9s qui lui incombe.\u00a0 \u00ab\u00a0<em>Il faut en parler.<\/em> (\u2026)<em> Il n&rsquo;y a pas d&rsquo;impunit\u00e9.\u00a0 Il y a toujours une r\u00e9ponse de la justice<\/em>\u00a0\u00bb rappelait le brigadier-chef. \u00ab\u00a0<em>Il faut dire, en parler\u00a0\u00bb.<\/em><\/p>\n<p><a href=\"http:\/\/marommeactu.fr\/wp-content\/uploads\/2017\/06\/PoliceFerry-2890.jpg\"><img loading=\"lazy\" decoding=\"async\" class=\"alignnone size-large wp-image-1686\" src=\"http:\/\/marommeactu.fr\/wp-content\/uploads\/2017\/06\/PoliceFerry-2890-683x1024.jpg\" alt=\"PoliceFerry-2890\" width=\"683\" height=\"1024\" srcset=\"https:\/\/marommeactu.fr\/wp-content\/uploads\/2017\/06\/PoliceFerry-2890-683x1024.jpg 683w, https:\/\/marommeactu.fr\/wp-content\/uploads\/2017\/06\/PoliceFerry-2890-200x300.jpg 200w, https:\/\/marommeactu.fr\/wp-content\/uploads\/2017\/06\/PoliceFerry-2890-768x1152.jpg 768w\" sizes=\"(max-width: 683px) 100vw, 683px\" \/><\/a><\/p>\n<p><span style=\"border-radius: 2px; text-indent: 20px; width: auto; padding: 0px 4px 0px 0px; text-align: center; font: bold 11px\/20px 'Helvetica Neue',Helvetica,sans-serif; color: #ffffff; background: #bd081c no-repeat scroll 3px 50% \/ 14px 14px; position: absolute; opacity: 1; z-index: 8675309; display: none; cursor: pointer; top: 425px; left: 20px;\">Enregistrer<\/span><\/p>\n<p><span style=\"border-radius: 2px; text-indent: 20px; width: auto; padding: 0px 4px 0px 0px; text-align: center; font: bold 11px\/20px 'Helvetica Neue',Helvetica,sans-serif; color: #ffffff; background: #bd081c  no-repeat scroll 3px 50% \/ 14px 14px; position: absolute; opacity: 1; z-index: 8675309; display: none; cursor: pointer;\">Enregistrer<\/span><\/p>\n","protected":false},"excerpt":{"rendered":"<p>Philippe Hunkeler, brigadier-chef au p\u00f4le pr\u00e9vention de la Direction D\u00e9partementale de la S\u00e9curit\u00e9 Publique, et R\u00e9my Pernel, responsable de la Police municipale de proximit\u00e9 de Maromme, sont venus aujourd&rsquo;hui \u00e0 la rencontre des \u00e9l\u00e8ves de CM2 de l&rsquo;\u00e9cole Jules Ferry pour aborder avec eux la question du harc\u00e8lement en milieu scolaire. Cette intervention r\u00e9pondait aux&#8230; <\/p>\n<div class=\"link-more\"><a href=\"https:\/\/marommeactu.fr\/?p=1685\">En savoir plus<\/a><\/div>\n","protected":false},"author":1,"featured_media":1687,"comment_status":"closed","ping_status":"closed","sticky":false,"template":"","format":"standard","meta":{"footnotes":""},"categories":[4],"tags":[],"_links":{"self":[{"href":"https:\/\/marommeactu.fr\/index.php?rest_route=\/wp\/v2\/posts\/1685"}],"collection":[{"href":"https:\/\/marommeactu.fr\/index.php?rest_route=\/wp\/v2\/posts"}],"about":[{"href":"https:\/\/marommeactu.fr\/index.php?rest_route=\/wp\/v2\/types\/post"}],"author":[{"embeddable":true,"href":"https:\/\/marommeactu.fr\/index.php?rest_route=\/wp\/v2\/users\/1"}],"replies":[{"embeddable":true,"href":"https:\/\/marommeactu.fr\/index.php?rest_route=%2Fwp%2Fv2%2Fcomments&post=1685"}],"version-history":[{"count":4,"href":"https:\/\/marommeactu.fr\/index.php?rest_route=\/wp\/v2\/posts\/1685\/revisions"}],"predecessor-version":[{"id":1694,"href":"https:\/\/marommeactu.fr\/index.php?rest_route=\/wp\/v2\/posts\/1685\/revisions\/1694"}],"wp:featuredmedia":[{"embeddable":true,"href":"https:\/\/marommeactu.fr\/index.php?rest_route=\/wp\/v2\/media\/1687"}],"wp:attachment":[{"href":"https:\/\/marommeactu.fr\/index.php?rest_route=%2Fwp%2Fv2%2Fmedia&parent=1685"}],"wp:term":[{"taxonomy":"category","embeddable":true,"href":"https:\/\/marommeactu.fr\/index.php?rest_route=%2Fwp%2Fv2%2Fcategories&post=1685"},{"taxonomy":"post_tag","embeddable":true,"href":"https:\/\/marommeactu.fr\/index.php?rest_route=%2Fwp%2Fv2%2Ftags&post=1685"}],"curies":[{"name":"wp","href":"https:\/\/api.w.org\/{rel}","templated":true}]}}