{"id":1536,"date":"2017-05-16T15:56:37","date_gmt":"2017-05-16T13:56:37","guid":{"rendered":"http:\/\/marommeactu.fr\/?p=1536"},"modified":"2017-05-16T16:00:17","modified_gmt":"2017-05-16T14:00:17","slug":"the-dansant","status":"publish","type":"post","link":"https:\/\/marommeactu.fr\/?p=1536","title":{"rendered":"Th\u00e9-dansant"},"content":{"rendered":"<p>Annick Mertens, adjointe \u00e0 l\u2019animation des seniors, et les membres de la Commission ad hoc ont lanc\u00e9 cet apr\u00e8s-midi le deuxi\u00e8me th\u00e9 dansant de l\u2019ann\u00e9e. Plus de deux cents personnes se sont retrouv\u00e9es \u00e0 l\u2019espace culturel Beaumarchais pour partager ce moment de danse et de convivialit\u00e9 avec l\u2019orchestre Colins Thomas pour l\u2019animation. Depuis la rentr\u00e9e derni\u00e8re, la Municipalit\u00e9 a d\u00e9cid\u00e9 d\u2019ouvrir ses th\u00e9s dansants aux habitants des communes de la vall\u00e9e du Cailly et d\u2019ailleurs afin de favoriser plus encore les rassemblements f\u00e9d\u00e9rateurs.<\/p>\n<p><a href=\"http:\/\/marommeactu.fr\/wp-content\/uploads\/2017\/05\/MG_2426.jpg\"><img loading=\"lazy\" decoding=\"async\" class=\"alignnone size-large wp-image-1537\" src=\"http:\/\/marommeactu.fr\/wp-content\/uploads\/2017\/05\/MG_2426-1024x683.jpg\" alt=\"_MG_2426\" width=\"1000\" height=\"667\" srcset=\"https:\/\/marommeactu.fr\/wp-content\/uploads\/2017\/05\/MG_2426-1024x683.jpg 1024w, https:\/\/marommeactu.fr\/wp-content\/uploads\/2017\/05\/MG_2426-300x200.jpg 300w, https:\/\/marommeactu.fr\/wp-content\/uploads\/2017\/05\/MG_2426-768x512.jpg 768w, https:\/\/marommeactu.fr\/wp-content\/uploads\/2017\/05\/MG_2426-288x192.jpg 288w, https:\/\/marommeactu.fr\/wp-content\/uploads\/2017\/05\/MG_2426-960x640.jpg 960w, https:\/\/marommeactu.fr\/wp-content\/uploads\/2017\/05\/MG_2426-450x300.jpg 450w\" sizes=\"(max-width: 1000px) 100vw, 1000px\" \/><\/a><\/p>\n<p><span style=\"border-radius: 2px; text-indent: 20px; width: auto; padding: 0px 4px 0px 0px; text-align: center; font: bold 11px\/20px 'Helvetica Neue',Helvetica,sans-serif; color: #ffffff; background: #bd081c  no-repeat scroll 3px 50% \/ 14px 14px; position: absolute; opacity: 1; z-index: 8675309; display: none; cursor: pointer;\">Enregistrer<\/span><\/p>\n","protected":false},"excerpt":{"rendered":"<p>Annick Mertens, adjointe \u00e0 l\u2019animation des seniors, et les membres de la Commission ad hoc ont lanc\u00e9 cet apr\u00e8s-midi le deuxi\u00e8me th\u00e9 dansant de l\u2019ann\u00e9e. Plus de deux cents personnes se sont retrouv\u00e9es \u00e0 l\u2019espace culturel Beaumarchais pour partager ce moment de danse et de convivialit\u00e9 avec l\u2019orchestre Colins Thomas pour l\u2019animation. Depuis la rentr\u00e9e&#8230; <\/p>\n<div class=\"link-more\"><a href=\"https:\/\/marommeactu.fr\/?p=1536\">En savoir plus<\/a><\/div>\n","protected":false},"author":1,"featured_media":1541,"comment_status":"closed","ping_status":"closed","sticky":false,"template":"","format":"standard","meta":{"footnotes":""},"categories":[4],"tags":[],"_links":{"self":[{"href":"https:\/\/marommeactu.fr\/index.php?rest_route=\/wp\/v2\/posts\/1536"}],"collection":[{"href":"https:\/\/marommeactu.fr\/index.php?rest_route=\/wp\/v2\/posts"}],"about":[{"href":"https:\/\/marommeactu.fr\/index.php?rest_route=\/wp\/v2\/types\/post"}],"author":[{"embeddable":true,"href":"https:\/\/marommeactu.fr\/index.php?rest_route=\/wp\/v2\/users\/1"}],"replies":[{"embeddable":true,"href":"https:\/\/marommeactu.fr\/index.php?rest_route=%2Fwp%2Fv2%2Fcomments&post=1536"}],"version-history":[{"count":2,"href":"https:\/\/marommeactu.fr\/index.php?rest_route=\/wp\/v2\/posts\/1536\/revisions"}],"predecessor-version":[{"id":1542,"href":"https:\/\/marommeactu.fr\/index.php?rest_route=\/wp\/v2\/posts\/1536\/revisions\/1542"}],"wp:featuredmedia":[{"embeddable":true,"href":"https:\/\/marommeactu.fr\/index.php?rest_route=\/wp\/v2\/media\/1541"}],"wp:attachment":[{"href":"https:\/\/marommeactu.fr\/index.php?rest_route=%2Fwp%2Fv2%2Fmedia&parent=1536"}],"wp:term":[{"taxonomy":"category","embeddable":true,"href":"https:\/\/marommeactu.fr\/index.php?rest_route=%2Fwp%2Fv2%2Fcategories&post=1536"},{"taxonomy":"post_tag","embeddable":true,"href":"https:\/\/marommeactu.fr\/index.php?rest_route=%2Fwp%2Fv2%2Ftags&post=1536"}],"curies":[{"name":"wp","href":"https:\/\/api.w.org\/{rel}","templated":true}]}}