{"id":15344,"date":"2018-03-24T14:52:11","date_gmt":"2018-03-24T13:52:11","guid":{"rendered":"http:\/\/marommeactu.fr\/?p=15344"},"modified":"2018-03-24T14:53:20","modified_gmt":"2018-03-24T13:53:20","slug":"15344","status":"publish","type":"post","link":"https:\/\/marommeactu.fr\/?p=15344","title":{"rendered":"Inauguration de la Grainoth\u00e8que : Des semences \u00e0 partager et un engagement de plus en faveur de l&rsquo;environnement"},"content":{"rendered":"<p style=\"text-align: justify;\"><a href=\"http:\/\/marommeactu.fr\/wp-content\/uploads\/2018\/03\/MG_9361.jpg\"><img loading=\"lazy\" decoding=\"async\" class=\"alignnone size-full wp-image-15349\" src=\"http:\/\/marommeactu.fr\/wp-content\/uploads\/2018\/03\/MG_9361.jpg\" alt=\"_MG_9361\" width=\"1800\" height=\"1200\" srcset=\"https:\/\/marommeactu.fr\/wp-content\/uploads\/2018\/03\/MG_9361.jpg 1800w, https:\/\/marommeactu.fr\/wp-content\/uploads\/2018\/03\/MG_9361-300x200.jpg 300w, https:\/\/marommeactu.fr\/wp-content\/uploads\/2018\/03\/MG_9361-768x512.jpg 768w, https:\/\/marommeactu.fr\/wp-content\/uploads\/2018\/03\/MG_9361-1024x683.jpg 1024w, https:\/\/marommeactu.fr\/wp-content\/uploads\/2018\/03\/MG_9361-288x192.jpg 288w, https:\/\/marommeactu.fr\/wp-content\/uploads\/2018\/03\/MG_9361-960x640.jpg 960w, https:\/\/marommeactu.fr\/wp-content\/uploads\/2018\/03\/MG_9361-450x300.jpg 450w\" sizes=\"(max-width: 1800px) 100vw, 1800px\" \/><\/a><strong>Il y a quelques instants, David Lamiray, maire, Jean-Marc Richard, adjoint \u00e0 la Culture, les \u00e9lus du Conseil Municipal ont inaugur\u00e9, en pr\u00e9sence de Nelly Tocqueville, s\u00e9natrice, et de <span class=\"st\">Brigitte Manzanares, conseill\u00e8re d\u00e9partementale, <\/span>la nouvelle grainoth\u00e8que, install\u00e9e au sein de la m\u00e9diath\u00e8que Le S\u00e9quo\u00efa. Devant un public venu nombreux, les \u00e9lus ont tenu \u00e0 rappeler que \u00ab\u00a0<em>cette grainoth\u00e8que s\u2019inscrit pleinement dans l\u2019esprit des actions, d\u00e9j\u00e0 consid\u00e9rables, engag\u00e9es par la Municipalit\u00e9 au profit de l\u2019environnement\u00a0\u00bb.<\/em><\/strong> De la construction du r\u00e9seau de chaleur biomasse \u00e0 l\u2019\u00e9chelle de la ville \u00e0 la gestion raisonn\u00e9e des ressources (r\u00e9cup\u00e9ration des eaux de pluie, passage au LED, plantation de 700 arbres, etc\u2026), en passant par la cr\u00e9ation d\u2019une Avenue Verte, la requalification v\u00e9g\u00e9tale des berges du Cailly notamment, les \u00e9lus ont multipli\u00e9, ces derni\u00e8res ann\u00e9es, les initiatives en faveur du d\u00e9veloppement durable. Et les projets \u00e0 venir sont encore nombreux \u00e0 l\u2019instar de l\u2019installation, dans les prochains mois, d\u2019un \u00e9cop\u00e2turage sur les coteaux.<br \/>\nL\u2019installation de cette grainoth\u00e8que au sein de la m\u00e9diath\u00e8que Le S\u00e9quo\u00efa n\u2019est pas le fruit du hasard. Les \u00e9lus ont souhait\u00e9 faire de cet \u00e9quipement un lieu de convergence et de coh\u00e9rence. Situ\u00e9 en plein coeur du square de Norderstedt, il accueille d\u00e9j\u00e0 sur son toit-terrasse une colonie de 150 000 abeilles. Tout le monde sait qu\u2019elles repr\u00e9sentent l\u2019un des maillons essentiels \u00e0 l\u2019\u00e9quilibre de nos \u00e9cosyst\u00e8mes et qu\u2019elles favorisent la biodiversit\u00e9. Il faut d\u2019ailleurs rappeler le geste fort de la Municipalit\u00e9 qui, suite \u00e0 la d\u00e9construction de la maison de retraite <em>Les Aub\u00e9pins<\/em>, a pr\u00e9f\u00e9r\u00e9 consacrer cette r\u00e9serve fonci\u00e8re \u00e0 l\u2019agrandissement du square, \u00e0 la plantation d\u2019une pommeraie, qui offre des vari\u00e9t\u00e9s r\u00e9gionales et \u00e0 l&rsquo;installation d&rsquo;un h\u00f4tel \u00e0 insectes.<br \/>\n<a href=\"http:\/\/marommeactu.fr\/wp-content\/uploads\/2018\/03\/MG_9352.jpg\"><img loading=\"lazy\" decoding=\"async\" class=\"alignnone size-full wp-image-15345\" src=\"http:\/\/marommeactu.fr\/wp-content\/uploads\/2018\/03\/MG_9352.jpg\" alt=\"_MG_9352\" width=\"1800\" height=\"1200\" srcset=\"https:\/\/marommeactu.fr\/wp-content\/uploads\/2018\/03\/MG_9352.jpg 1800w, https:\/\/marommeactu.fr\/wp-content\/uploads\/2018\/03\/MG_9352-300x200.jpg 300w, https:\/\/marommeactu.fr\/wp-content\/uploads\/2018\/03\/MG_9352-768x512.jpg 768w, https:\/\/marommeactu.fr\/wp-content\/uploads\/2018\/03\/MG_9352-1024x683.jpg 1024w, https:\/\/marommeactu.fr\/wp-content\/uploads\/2018\/03\/MG_9352-288x192.jpg 288w, https:\/\/marommeactu.fr\/wp-content\/uploads\/2018\/03\/MG_9352-960x640.jpg 960w, https:\/\/marommeactu.fr\/wp-content\/uploads\/2018\/03\/MG_9352-450x300.jpg 450w\" sizes=\"(max-width: 1800px) 100vw, 1800px\" \/><\/a><br \/>\n<strong>Une d\u00e9marche solidaire et volontariste<\/strong><br \/>\nLa grainoth\u00e8que de Maromme repose sur un principe simple, participatif et citoyen. Qu\u2019il s\u2019agisse de l\u00e9gumes, de fleurs ou encore d\u2019herbes aromatiques, cultiv\u00e9s dans un jardin ou sur un balcon, tous les Marommais sont invit\u00e9s \u00e0 pr\u00e9lever quelques-unes de ces graines afin d\u2019enrichir la biblioth\u00e8que \u00e0 semences. En retour, chacun peut, \u00e0 son tour, pr\u00e9lever d\u2019autres graines. Bien entendu, il est demand\u00e9 aux contributeurs de n\u2019utiliser aucun engrais chimique, cela va de soi. Un petit guide pratique sera prochainement \u00e9dit\u00e9 pour conseiller et promouvoir cette pratique. Il sera disponible \u00e0 l\u2019accueil de la m\u00e9diath\u00e8que.<br \/>\nAu-del\u00e0 de l\u2019enjeu \u00e9conomique de par sa gratuit\u00e9, cet \u00e9change traduit un acte \u00e9cologique et militant. Les Nations Unies estimaient en 2010 que 75% de la diversit\u00e9 des cultures ont \u00e9t\u00e9 perdus entre 1900 et 2000. Cette grainoth\u00e8que se veut \u00eatre la d\u00e9monstration d\u2019une r\u00e9sistance face au lobby des grands semenciers qui impose un nombre toujours plus restreint de vari\u00e9t\u00e9s et commercialise des semences hybrides F1 (non reproductibles). Cette grainoth\u00e8que plaide ainsi pour de la libert\u00e9 d\u2019\u00e9changer et de reproduire les graines. Elle a aussi vocation \u00e0 \u00eatre un v\u00e9ritable encouragement pour les Marommais \u00e0 embellir la ville, \u00e0 fleurir les jardins, les fen\u00eatres et balcons, mais aussi \u00e0 donner le go\u00fbt et les moyens \u00e0 chacun de planter, de cultiver. La biblioth\u00e8que \u00e0 semences, \u00able case-graines\u00bb, contient, d\u2019ores et d\u00e9j\u00e0, une cinquantaine de vari\u00e9t\u00e9s. Il est \u00e0 noter enfin que cette armoire \u00e0 semences a \u00e9t\u00e9 enti\u00e8rement confectionn\u00e9e par les menuisiers municipaux et r\u00e9alis\u00e9e \u00e0 partir de bois de r\u00e9cup\u00e9ration.<\/p>\n<p style=\"text-align: justify;\"><a href=\"http:\/\/marommeactu.fr\/wp-content\/uploads\/2018\/03\/MG_9392.jpg\"><img loading=\"lazy\" decoding=\"async\" class=\"alignnone size-full wp-image-15348\" src=\"http:\/\/marommeactu.fr\/wp-content\/uploads\/2018\/03\/MG_9392.jpg\" alt=\"_MG_9392\" width=\"1800\" height=\"1200\" srcset=\"https:\/\/marommeactu.fr\/wp-content\/uploads\/2018\/03\/MG_9392.jpg 1800w, https:\/\/marommeactu.fr\/wp-content\/uploads\/2018\/03\/MG_9392-300x200.jpg 300w, https:\/\/marommeactu.fr\/wp-content\/uploads\/2018\/03\/MG_9392-768x512.jpg 768w, https:\/\/marommeactu.fr\/wp-content\/uploads\/2018\/03\/MG_9392-1024x683.jpg 1024w, https:\/\/marommeactu.fr\/wp-content\/uploads\/2018\/03\/MG_9392-288x192.jpg 288w, https:\/\/marommeactu.fr\/wp-content\/uploads\/2018\/03\/MG_9392-960x640.jpg 960w, https:\/\/marommeactu.fr\/wp-content\/uploads\/2018\/03\/MG_9392-450x300.jpg 450w\" sizes=\"(max-width: 1800px) 100vw, 1800px\" \/><\/a><\/p>\n<p><span style=\"border-radius: 2px; text-indent: 20px; width: auto; padding: 0px 4px 0px 0px; text-align: center; font: bold 11px\/20px 'Helvetica Neue',Helvetica,sans-serif; color: #ffffff; background: #bd081c  no-repeat scroll 3px 50% \/ 14px 14px; position: absolute; opacity: 1; z-index: 8675309; display: none; cursor: pointer;\">Enregistrer<\/span><\/p>\n","protected":false},"excerpt":{"rendered":"<p>Il y a quelques instants, David Lamiray, maire, Jean-Marc Richard, adjoint \u00e0 la Culture, les \u00e9lus du Conseil Municipal ont inaugur\u00e9, en pr\u00e9sence de Nelly Tocqueville, s\u00e9natrice, et de Brigitte Manzanares, conseill\u00e8re d\u00e9partementale, la nouvelle grainoth\u00e8que, install\u00e9e au sein de la m\u00e9diath\u00e8que Le S\u00e9quo\u00efa. Devant un public venu nombreux, les \u00e9lus ont tenu \u00e0 rappeler&#8230; <\/p>\n<div class=\"link-more\"><a href=\"https:\/\/marommeactu.fr\/?p=15344\">En savoir plus<\/a><\/div>\n","protected":false},"author":1,"featured_media":15346,"comment_status":"closed","ping_status":"closed","sticky":false,"template":"","format":"standard","meta":{"footnotes":""},"categories":[4],"tags":[],"_links":{"self":[{"href":"https:\/\/marommeactu.fr\/index.php?rest_route=\/wp\/v2\/posts\/15344"}],"collection":[{"href":"https:\/\/marommeactu.fr\/index.php?rest_route=\/wp\/v2\/posts"}],"about":[{"href":"https:\/\/marommeactu.fr\/index.php?rest_route=\/wp\/v2\/types\/post"}],"author":[{"embeddable":true,"href":"https:\/\/marommeactu.fr\/index.php?rest_route=\/wp\/v2\/users\/1"}],"replies":[{"embeddable":true,"href":"https:\/\/marommeactu.fr\/index.php?rest_route=%2Fwp%2Fv2%2Fcomments&post=15344"}],"version-history":[{"count":6,"href":"https:\/\/marommeactu.fr\/index.php?rest_route=\/wp\/v2\/posts\/15344\/revisions"}],"predecessor-version":[{"id":15356,"href":"https:\/\/marommeactu.fr\/index.php?rest_route=\/wp\/v2\/posts\/15344\/revisions\/15356"}],"wp:featuredmedia":[{"embeddable":true,"href":"https:\/\/marommeactu.fr\/index.php?rest_route=\/wp\/v2\/media\/15346"}],"wp:attachment":[{"href":"https:\/\/marommeactu.fr\/index.php?rest_route=%2Fwp%2Fv2%2Fmedia&parent=15344"}],"wp:term":[{"taxonomy":"category","embeddable":true,"href":"https:\/\/marommeactu.fr\/index.php?rest_route=%2Fwp%2Fv2%2Fcategories&post=15344"},{"taxonomy":"post_tag","embeddable":true,"href":"https:\/\/marommeactu.fr\/index.php?rest_route=%2Fwp%2Fv2%2Ftags&post=15344"}],"curies":[{"name":"wp","href":"https:\/\/api.w.org\/{rel}","templated":true}]}}