{"id":1497,"date":"2017-05-08T19:00:22","date_gmt":"2017-05-08T17:00:22","guid":{"rendered":"http:\/\/marommeactu.fr\/?p=1497"},"modified":"2017-05-08T19:00:22","modified_gmt":"2017-05-08T17:00:22","slug":"commemoration-du-8-mai-1945","status":"publish","type":"post","link":"https:\/\/marommeactu.fr\/?p=1497","title":{"rendered":"Comm\u00e9moration du 8 mai 1945"},"content":{"rendered":"<p>Ce matin, les \u00e9lus, les anciens combattants et des habitants se sont retrouv\u00e9s au cimeti\u00e8re pour fleurir les tombes des soldats \u00ab\u00a0Morts pour la France\u00a0\u00bb.\u00a0Ils se sont ensuite rendus\u00a0place Jean Jaur\u00e8s pour la traditionnelle c\u00e9r\u00e9monie de comm\u00e9moration au cours de laquelle David Lamiray a rappel\u00e9, lors de son allocution, l&rsquo;importance de transmettre et d&rsquo;\u00e9clairer les\u00a0g\u00e9n\u00e9rations futures sur\u00a0le\u00a0devoir de m\u00e9moire, \u00ab\u00a0ce\u00a0rempart contre\u00a0l&rsquo;oubli et le silence\u00a0\u00bb disait Elie Wiesel, prix Nobel de la Paix.<\/p>\n<p><a href=\"http:\/\/marommeactu.fr\/wp-content\/uploads\/2017\/05\/DSC_7910.jpg\"><img loading=\"lazy\" decoding=\"async\" class=\"alignnone size-full wp-image-1498\" src=\"http:\/\/marommeactu.fr\/wp-content\/uploads\/2017\/05\/DSC_7910.jpg\" alt=\"DSC_7910\" width=\"5312\" height=\"3984\" srcset=\"https:\/\/marommeactu.fr\/wp-content\/uploads\/2017\/05\/DSC_7910.jpg 5312w, https:\/\/marommeactu.fr\/wp-content\/uploads\/2017\/05\/DSC_7910-300x225.jpg 300w, https:\/\/marommeactu.fr\/wp-content\/uploads\/2017\/05\/DSC_7910-768x576.jpg 768w, https:\/\/marommeactu.fr\/wp-content\/uploads\/2017\/05\/DSC_7910-1024x768.jpg 1024w, https:\/\/marommeactu.fr\/wp-content\/uploads\/2017\/05\/DSC_7910-400x300.jpg 400w\" sizes=\"(max-width: 5312px) 100vw, 5312px\" \/><\/a><\/p>\n","protected":false},"excerpt":{"rendered":"<p>Ce matin, les \u00e9lus, les anciens combattants et des habitants se sont retrouv\u00e9s au cimeti\u00e8re pour fleurir les tombes des soldats \u00ab\u00a0Morts pour la France\u00a0\u00bb.\u00a0Ils se sont ensuite rendus\u00a0place Jean Jaur\u00e8s pour la traditionnelle c\u00e9r\u00e9monie de comm\u00e9moration au cours de laquelle David Lamiray a rappel\u00e9, lors de son allocution, l&rsquo;importance de transmettre et d&rsquo;\u00e9clairer les\u00a0g\u00e9n\u00e9rations&#8230; <\/p>\n<div class=\"link-more\"><a href=\"https:\/\/marommeactu.fr\/?p=1497\">En savoir plus<\/a><\/div>\n","protected":false},"author":1,"featured_media":1499,"comment_status":"closed","ping_status":"closed","sticky":false,"template":"","format":"standard","meta":{"footnotes":""},"categories":[4],"tags":[],"_links":{"self":[{"href":"https:\/\/marommeactu.fr\/index.php?rest_route=\/wp\/v2\/posts\/1497"}],"collection":[{"href":"https:\/\/marommeactu.fr\/index.php?rest_route=\/wp\/v2\/posts"}],"about":[{"href":"https:\/\/marommeactu.fr\/index.php?rest_route=\/wp\/v2\/types\/post"}],"author":[{"embeddable":true,"href":"https:\/\/marommeactu.fr\/index.php?rest_route=\/wp\/v2\/users\/1"}],"replies":[{"embeddable":true,"href":"https:\/\/marommeactu.fr\/index.php?rest_route=%2Fwp%2Fv2%2Fcomments&post=1497"}],"version-history":[{"count":1,"href":"https:\/\/marommeactu.fr\/index.php?rest_route=\/wp\/v2\/posts\/1497\/revisions"}],"predecessor-version":[{"id":1500,"href":"https:\/\/marommeactu.fr\/index.php?rest_route=\/wp\/v2\/posts\/1497\/revisions\/1500"}],"wp:featuredmedia":[{"embeddable":true,"href":"https:\/\/marommeactu.fr\/index.php?rest_route=\/wp\/v2\/media\/1499"}],"wp:attachment":[{"href":"https:\/\/marommeactu.fr\/index.php?rest_route=%2Fwp%2Fv2%2Fmedia&parent=1497"}],"wp:term":[{"taxonomy":"category","embeddable":true,"href":"https:\/\/marommeactu.fr\/index.php?rest_route=%2Fwp%2Fv2%2Fcategories&post=1497"},{"taxonomy":"post_tag","embeddable":true,"href":"https:\/\/marommeactu.fr\/index.php?rest_route=%2Fwp%2Fv2%2Ftags&post=1497"}],"curies":[{"name":"wp","href":"https:\/\/api.w.org\/{rel}","templated":true}]}}