{"id":14543,"date":"2018-03-23T16:15:37","date_gmt":"2018-03-23T15:15:37","guid":{"rendered":"http:\/\/marommeactu.fr\/?p=14543"},"modified":"2018-03-23T16:15:37","modified_gmt":"2018-03-23T15:15:37","slug":"les-pecheurs-veillent-sur-le-cours-2","status":"publish","type":"post","link":"https:\/\/marommeactu.fr\/?p=14543","title":{"rendered":"Les p\u00eacheurs veillent sur le cours\u2026"},"content":{"rendered":"<p>&nbsp;<\/p>\n<p><a href=\"http:\/\/marommeactu.fr\/wp-content\/uploads\/2018\/03\/MG_9321.jpg\"><img loading=\"lazy\" decoding=\"async\" class=\"alignnone size-full wp-image-14535\" src=\"http:\/\/marommeactu.fr\/wp-content\/uploads\/2018\/03\/MG_9321.jpg\" alt=\"_MG_9321\" width=\"1800\" height=\"1200\" srcset=\"https:\/\/marommeactu.fr\/wp-content\/uploads\/2018\/03\/MG_9321.jpg 1800w, https:\/\/marommeactu.fr\/wp-content\/uploads\/2018\/03\/MG_9321-300x200.jpg 300w, https:\/\/marommeactu.fr\/wp-content\/uploads\/2018\/03\/MG_9321-768x512.jpg 768w, https:\/\/marommeactu.fr\/wp-content\/uploads\/2018\/03\/MG_9321-1024x683.jpg 1024w, https:\/\/marommeactu.fr\/wp-content\/uploads\/2018\/03\/MG_9321-288x192.jpg 288w, https:\/\/marommeactu.fr\/wp-content\/uploads\/2018\/03\/MG_9321-960x640.jpg 960w, https:\/\/marommeactu.fr\/wp-content\/uploads\/2018\/03\/MG_9321-450x300.jpg 450w\" sizes=\"(max-width: 1800px) 100vw, 1800px\" \/><\/a>Depuis le 10 mars dernier, les p\u00eacheurs ont ressorti leurs cuill\u00e8res et leurs hame\u00e7ons pour un retour symbolique sur les berges. En effet, la date \u00e9tait attendue\u00a0 et suscitait l\u2019impatience puisqu\u2019elle repr\u00e9sente l\u2019un des temps forts de la saison, celui de l\u2019ouverture officielle \u00e0 la truite. Dans ce contexte, l\u2019Association Agr\u00e9\u00e9e pour la P\u00eache et la Protection du Milieu Aquatique (AAPPMA) Austreberthe \/ Cailly conduite par son pr\u00e9sident Jean-Luc Gibon, a proc\u00e9d\u00e9 ce matin \u00e0 l\u2019empoissonement de la rivi\u00e8re du Cailly (dans le quartier Dumont d\u2019Urville) avec 50kg de truites fario. \u00ab\u00a0<em>Cet empoissonement bimensuel a pour objectif de conforter les peuplements piscicoles afin de maintenir la population de truites dans la rivi\u00e8re durant la saison de la p\u00eache<\/em>\u00a0\u00bb explique son pr\u00e9sident. En effet, tous les 15 environs, Jean-Luc Gibon donne rendez-vous \u00e0 son garde p\u00eache et \u00e0 Erwan Neez de la pisciculture f\u00e9d\u00e9rale de Saine-Gertrude pour la mise \u00e0 l\u2019eau de 50 kg de truites. Au total, durant la saison (mars-septembre), ce sont 530 kg de truites qui seront ajout\u00e9es. La pisciculture f\u00e9d\u00e9rale de Saine-Gertrude est la seule du d\u00e9partement de Seine-Maritime habilit\u00e9e pour l\u2019empoissonement des rivi\u00e8res. \u00ab\u00a0<em>Nous avons tous les agr\u00e9ments sanitaires<\/em>\u00a0\u00bb souligne Erwan Neez. \u00ab\u00a0<em>De plus, il s\u2019agit de truites\u00a0 portions non st\u00e9rilis\u00e9es qui peuvent participer au frai bien que ce ne soit ici l\u2019objectif<\/em>\u00ab\u00a0. Si la p\u00eache demeure l\u2019une des activit\u00e9s principales des membres de l\u2019AAPPMA Austreberthe \/ Cailly, l\u2019association oeuvre aussi \u00e0 la sauvegarde du patrimoine naturel. Ainsi, au mois de juin de prochain, elle organisera <span class=\"st\">le repeuplement du Cailly par la mise \u00e0 l\u2019eau de\u00a0 jeunes truitelles.<br \/>\n\u2026\/\u2026Affaire \u00e0 suivre.<\/span><\/p>\n<p><a href=\"http:\/\/marommeactu.fr\/wp-content\/uploads\/2018\/03\/MG_9336.jpg\"><img loading=\"lazy\" decoding=\"async\" class=\"alignnone size-full wp-image-14536\" src=\"http:\/\/marommeactu.fr\/wp-content\/uploads\/2018\/03\/MG_9336.jpg\" alt=\"_MG_9336\" width=\"1200\" height=\"1800\" srcset=\"https:\/\/marommeactu.fr\/wp-content\/uploads\/2018\/03\/MG_9336.jpg 1200w, https:\/\/marommeactu.fr\/wp-content\/uploads\/2018\/03\/MG_9336-200x300.jpg 200w, https:\/\/marommeactu.fr\/wp-content\/uploads\/2018\/03\/MG_9336-768x1152.jpg 768w, https:\/\/marommeactu.fr\/wp-content\/uploads\/2018\/03\/MG_9336-683x1024.jpg 683w\" sizes=\"(max-width: 1200px) 100vw, 1200px\" \/><\/a><\/p>\n","protected":false},"excerpt":{"rendered":"<p>&nbsp; Depuis le 10 mars dernier, les p\u00eacheurs ont ressorti leurs cuill\u00e8res et leurs hame\u00e7ons pour un retour symbolique sur les berges. En effet, la date \u00e9tait attendue\u00a0 et suscitait l\u2019impatience puisqu\u2019elle repr\u00e9sente l\u2019un des temps forts de la saison, celui de l\u2019ouverture officielle \u00e0 la truite. Dans ce contexte, l\u2019Association Agr\u00e9\u00e9e pour la P\u00eache&#8230; <\/p>\n<div class=\"link-more\"><a href=\"https:\/\/marommeactu.fr\/?p=14543\">En savoir plus<\/a><\/div>\n","protected":false},"author":1,"featured_media":14570,"comment_status":"closed","ping_status":"closed","sticky":false,"template":"","format":"standard","meta":{"footnotes":""},"categories":[4],"tags":[],"_links":{"self":[{"href":"https:\/\/marommeactu.fr\/index.php?rest_route=\/wp\/v2\/posts\/14543"}],"collection":[{"href":"https:\/\/marommeactu.fr\/index.php?rest_route=\/wp\/v2\/posts"}],"about":[{"href":"https:\/\/marommeactu.fr\/index.php?rest_route=\/wp\/v2\/types\/post"}],"author":[{"embeddable":true,"href":"https:\/\/marommeactu.fr\/index.php?rest_route=\/wp\/v2\/users\/1"}],"replies":[{"embeddable":true,"href":"https:\/\/marommeactu.fr\/index.php?rest_route=%2Fwp%2Fv2%2Fcomments&post=14543"}],"version-history":[{"count":1,"href":"https:\/\/marommeactu.fr\/index.php?rest_route=\/wp\/v2\/posts\/14543\/revisions"}],"predecessor-version":[{"id":14578,"href":"https:\/\/marommeactu.fr\/index.php?rest_route=\/wp\/v2\/posts\/14543\/revisions\/14578"}],"wp:featuredmedia":[{"embeddable":true,"href":"https:\/\/marommeactu.fr\/index.php?rest_route=\/wp\/v2\/media\/14570"}],"wp:attachment":[{"href":"https:\/\/marommeactu.fr\/index.php?rest_route=%2Fwp%2Fv2%2Fmedia&parent=14543"}],"wp:term":[{"taxonomy":"category","embeddable":true,"href":"https:\/\/marommeactu.fr\/index.php?rest_route=%2Fwp%2Fv2%2Fcategories&post=14543"},{"taxonomy":"post_tag","embeddable":true,"href":"https:\/\/marommeactu.fr\/index.php?rest_route=%2Fwp%2Fv2%2Ftags&post=14543"}],"curies":[{"name":"wp","href":"https:\/\/api.w.org\/{rel}","templated":true}]}}