{"id":1448,"date":"2017-05-03T09:18:19","date_gmt":"2017-05-03T07:18:19","guid":{"rendered":"http:\/\/marommeactu.fr\/?p=1448"},"modified":"2017-06-09T13:48:31","modified_gmt":"2017-06-09T11:48:31","slug":"une-plasticienne-a-lecole-robert-desnos","status":"publish","type":"post","link":"https:\/\/marommeactu.fr\/?p=1448","title":{"rendered":"Une plasticienne \u00e0 l&rsquo;\u00e9cole Robert Desnos"},"content":{"rendered":"<p>Depuis quelques semaines, Claire Lez\u00e9-Schmite intervient aupr\u00e8s des \u00e9l\u00e8ves de l&rsquo;\u00e9cole Robert Desnos dans la cadre d&rsquo;un projet de fresque en c\u00e9ramique qui ornera prochainement la fa\u00e7ade de l&rsquo;\u00e9cole. En effet, l&rsquo;\u00e9quipe enseignante conduite par la directrice de l&rsquo;\u00e9cole, <span class=\"st\">Anne-Claire Bonnefoy, ont inscrit \u00e0 leur projet p\u00e9dagogique la cr\u00e9ation et la r\u00e9alisation d&rsquo;une \u0153uvre monumentale. Pour cela, ils se sont donc adjoints les services d&rsquo;une sculptrice. Apr\u00e8s avoir dessin\u00e9 le visuel qui composera cette fresque, les jeunes \u00e9l\u00e8ves ont d\u00e9but\u00e9 il y a quelques semaines la r\u00e9alisation avec le collage d&rsquo;\u00e9maux. Claire Lez\u00e9-Schmite les assiste \u00e0 la technique et veille au respect des proportions mais aussi et surtout les sensibilise \u00e0 ce qu&rsquo;est une d\u00e9marche artistique et un travail de cr\u00e9ation. Affaire \u00e0 suivre.<\/span><\/p>\n<p><a href=\"http:\/\/marommeactu.fr\/wp-content\/uploads\/2017\/05\/MG_2094.jpg\"><img loading=\"lazy\" decoding=\"async\" class=\"size-large wp-image-1450 aligncenter\" src=\"http:\/\/marommeactu.fr\/wp-content\/uploads\/2017\/05\/MG_2094-1024x683.jpg\" alt=\"_MG_2094\" width=\"1000\" height=\"667\" srcset=\"https:\/\/marommeactu.fr\/wp-content\/uploads\/2017\/05\/MG_2094-1024x683.jpg 1024w, https:\/\/marommeactu.fr\/wp-content\/uploads\/2017\/05\/MG_2094-300x200.jpg 300w, https:\/\/marommeactu.fr\/wp-content\/uploads\/2017\/05\/MG_2094-768x512.jpg 768w, https:\/\/marommeactu.fr\/wp-content\/uploads\/2017\/05\/MG_2094-288x192.jpg 288w, https:\/\/marommeactu.fr\/wp-content\/uploads\/2017\/05\/MG_2094-960x640.jpg 960w, https:\/\/marommeactu.fr\/wp-content\/uploads\/2017\/05\/MG_2094-450x300.jpg 450w, https:\/\/marommeactu.fr\/wp-content\/uploads\/2017\/05\/MG_2094.jpg 1500w\" sizes=\"(max-width: 1000px) 100vw, 1000px\" \/><\/a><\/p>\n<p><span style=\"border-radius: 2px; text-indent: 20px; width: auto; padding: 0px 4px 0px 0px; text-align: center; font: bold 11px\/20px 'Helvetica Neue',Helvetica,sans-serif; color: #ffffff; background: #bd081c no-repeat scroll 3px 50% \/ 14px 14px; position: absolute; opacity: 1; z-index: 8675309; display: none; cursor: pointer; top: 236px; left: 136px;\">Enregistrer<\/span><\/p>\n<p><span style=\"border-radius: 2px; text-indent: 20px; width: auto; padding: 0px 4px 0px 0px; text-align: center; font: bold 11px\/20px 'Helvetica Neue',Helvetica,sans-serif; color: #ffffff; background: #bd081c  no-repeat scroll 3px 50% \/ 14px 14px; position: absolute; opacity: 1; z-index: 8675309; display: none; cursor: pointer; top: 236px; left: 136px;\">Enregistrer<\/span><\/p>\n","protected":false},"excerpt":{"rendered":"<p>Depuis quelques semaines, Claire Lez\u00e9-Schmite intervient aupr\u00e8s des \u00e9l\u00e8ves de l&rsquo;\u00e9cole Robert Desnos dans la cadre d&rsquo;un projet de fresque en c\u00e9ramique qui ornera prochainement la fa\u00e7ade de l&rsquo;\u00e9cole. En effet, l&rsquo;\u00e9quipe enseignante conduite par la directrice de l&rsquo;\u00e9cole, Anne-Claire Bonnefoy, ont inscrit \u00e0 leur projet p\u00e9dagogique la cr\u00e9ation et la r\u00e9alisation d&rsquo;une \u0153uvre monumentale&#8230;. <\/p>\n<div class=\"link-more\"><a href=\"https:\/\/marommeactu.fr\/?p=1448\">En savoir plus<\/a><\/div>\n","protected":false},"author":1,"featured_media":1449,"comment_status":"closed","ping_status":"closed","sticky":false,"template":"","format":"standard","meta":{"footnotes":""},"categories":[4],"tags":[],"_links":{"self":[{"href":"https:\/\/marommeactu.fr\/index.php?rest_route=\/wp\/v2\/posts\/1448"}],"collection":[{"href":"https:\/\/marommeactu.fr\/index.php?rest_route=\/wp\/v2\/posts"}],"about":[{"href":"https:\/\/marommeactu.fr\/index.php?rest_route=\/wp\/v2\/types\/post"}],"author":[{"embeddable":true,"href":"https:\/\/marommeactu.fr\/index.php?rest_route=\/wp\/v2\/users\/1"}],"replies":[{"embeddable":true,"href":"https:\/\/marommeactu.fr\/index.php?rest_route=%2Fwp%2Fv2%2Fcomments&post=1448"}],"version-history":[{"count":4,"href":"https:\/\/marommeactu.fr\/index.php?rest_route=\/wp\/v2\/posts\/1448\/revisions"}],"predecessor-version":[{"id":1731,"href":"https:\/\/marommeactu.fr\/index.php?rest_route=\/wp\/v2\/posts\/1448\/revisions\/1731"}],"wp:featuredmedia":[{"embeddable":true,"href":"https:\/\/marommeactu.fr\/index.php?rest_route=\/wp\/v2\/media\/1449"}],"wp:attachment":[{"href":"https:\/\/marommeactu.fr\/index.php?rest_route=%2Fwp%2Fv2%2Fmedia&parent=1448"}],"wp:term":[{"taxonomy":"category","embeddable":true,"href":"https:\/\/marommeactu.fr\/index.php?rest_route=%2Fwp%2Fv2%2Fcategories&post=1448"},{"taxonomy":"post_tag","embeddable":true,"href":"https:\/\/marommeactu.fr\/index.php?rest_route=%2Fwp%2Fv2%2Ftags&post=1448"}],"curies":[{"name":"wp","href":"https:\/\/api.w.org\/{rel}","templated":true}]}}