{"id":1445,"date":"2017-05-03T08:54:46","date_gmt":"2017-05-03T06:54:46","guid":{"rendered":"http:\/\/marommeactu.fr\/?p=1445"},"modified":"2017-05-03T08:54:46","modified_gmt":"2017-05-03T06:54:46","slug":"des-ateliers-du-numerique-pour-les-seniors","status":"publish","type":"post","link":"https:\/\/marommeactu.fr\/?p=1445","title":{"rendered":"Des ateliers du num\u00e9rique pour les seniors"},"content":{"rendered":"<p>Jeudi prochain d\u00e9buteront des ateliers du num\u00e9rique gratuits. Propos\u00e9s par le CLIC (Le Centre Local d\u2019Information et de Coordination du Cailly), ces ateliers d&rsquo;initiation \u00e0 l&rsquo;information sont destin\u00e9s aux plus de 60 ans. Dispens\u00e9s par un formateur professionnel, ils s&rsquo;articulent autour de cycles \u00e0 travers un accompagnement personnalis\u00e9 et des r\u00e9ponses adapt\u00e9es en fonction du public. Pour les instigatrices de ce programme, il s&rsquo;agit de permettre aux seniors de \u00ab\u00a0rester connect\u00e9s \u00e0 la vie en leur facilitant l&rsquo;utilisation des nouvelles technologies de l&rsquo;information et de la communication.<\/p>\n<div class=\"page\" title=\"Page 1\">\n<div class=\"section\">\n<div class=\"layoutArea\">\n<div class=\"column\">\n<p><strong>Les jeudis 04 et 18 mai, 01, 15 et 29 juin 13 juillet<\/strong><br \/>\n<strong>\u00c0 Maromme, Brasserie Chez Maman <\/strong><br \/>\n<strong>De 9h30 a\u0300 11h30<\/strong><br \/>\n<em>et<\/em><br \/>\n<em>\u00c0 Montville RPA Judith Dutheil <\/em><br \/>\n<em>De 14h a\u0300 16h<\/em><\/p>\n<div class=\"page\" title=\"Page 1\">\n<div class=\"section\">\n<div class=\"layoutArea\">\n<div class=\"column\">\n<p><strong>CONTACT<\/strong><br \/>\n<strong>Pour tout renseignement et inscription<\/strong><br \/>\n<strong>06.72.78.78.73<\/strong><\/p>\n<\/div>\n<\/div>\n<\/div>\n<\/div>\n<\/div>\n<\/div>\n<\/div>\n<\/div>\n","protected":false},"excerpt":{"rendered":"<p>Jeudi prochain d\u00e9buteront des ateliers du num\u00e9rique gratuits. Propos\u00e9s par le CLIC (Le Centre Local d\u2019Information et de Coordination du Cailly), ces ateliers d&rsquo;initiation \u00e0 l&rsquo;information sont destin\u00e9s aux plus de 60 ans. Dispens\u00e9s par un formateur professionnel, ils s&rsquo;articulent autour de cycles \u00e0 travers un accompagnement personnalis\u00e9 et des r\u00e9ponses adapt\u00e9es en fonction du&#8230; <\/p>\n<div class=\"link-more\"><a href=\"https:\/\/marommeactu.fr\/?p=1445\">En savoir plus<\/a><\/div>\n","protected":false},"author":1,"featured_media":1446,"comment_status":"closed","ping_status":"closed","sticky":false,"template":"","format":"standard","meta":{"footnotes":""},"categories":[4],"tags":[],"_links":{"self":[{"href":"https:\/\/marommeactu.fr\/index.php?rest_route=\/wp\/v2\/posts\/1445"}],"collection":[{"href":"https:\/\/marommeactu.fr\/index.php?rest_route=\/wp\/v2\/posts"}],"about":[{"href":"https:\/\/marommeactu.fr\/index.php?rest_route=\/wp\/v2\/types\/post"}],"author":[{"embeddable":true,"href":"https:\/\/marommeactu.fr\/index.php?rest_route=\/wp\/v2\/users\/1"}],"replies":[{"embeddable":true,"href":"https:\/\/marommeactu.fr\/index.php?rest_route=%2Fwp%2Fv2%2Fcomments&post=1445"}],"version-history":[{"count":1,"href":"https:\/\/marommeactu.fr\/index.php?rest_route=\/wp\/v2\/posts\/1445\/revisions"}],"predecessor-version":[{"id":1447,"href":"https:\/\/marommeactu.fr\/index.php?rest_route=\/wp\/v2\/posts\/1445\/revisions\/1447"}],"wp:featuredmedia":[{"embeddable":true,"href":"https:\/\/marommeactu.fr\/index.php?rest_route=\/wp\/v2\/media\/1446"}],"wp:attachment":[{"href":"https:\/\/marommeactu.fr\/index.php?rest_route=%2Fwp%2Fv2%2Fmedia&parent=1445"}],"wp:term":[{"taxonomy":"category","embeddable":true,"href":"https:\/\/marommeactu.fr\/index.php?rest_route=%2Fwp%2Fv2%2Fcategories&post=1445"},{"taxonomy":"post_tag","embeddable":true,"href":"https:\/\/marommeactu.fr\/index.php?rest_route=%2Fwp%2Fv2%2Ftags&post=1445"}],"curies":[{"name":"wp","href":"https:\/\/api.w.org\/{rel}","templated":true}]}}