{"id":1417,"date":"2017-04-28T09:14:08","date_gmt":"2017-04-28T07:14:08","guid":{"rendered":"http:\/\/marommeactu.fr\/?p=1417"},"modified":"2017-04-28T09:14:08","modified_gmt":"2017-04-28T07:14:08","slug":"logirep-lance-un-vaste-chantier-de-rehabilitation-des-tours-auvergne-et-bourbonnais","status":"publish","type":"post","link":"https:\/\/marommeactu.fr\/?p=1417","title":{"rendered":"Logirep lance un vaste chantier de r\u00e9habilitation des Tours Auvergne et Bourbonnais"},"content":{"rendered":"<p>Hier soir, les responsables de Logirep ont d\u00e9voil\u00e9 aux locataires des Tours Auvergne et Bourbonnais, situ\u00e9es rue Paul Painlev\u00e9, le vaste de projet de r\u00e9novation de deux b\u00e2timents qu&rsquo;ils entendent mener. Aux pieds des deux immeubles, David Lamiray avait tenu \u00e0 lancer cette r\u00e9union publique \u00e0 laquelle de nombreux locataires participaient. Les dirigeants et directeurs techniques du Groupe Polylogis, bailleur social ind\u00e9pendant dont Logirep est l&rsquo;une des filiales, ont ensuite pr\u00e9sent\u00e9, dans le d\u00e9tail, non seulement les am\u00e9liorations en terme de fonctionnalit\u00e9, de confort et d&rsquo;esth\u00e9tisme que ce programme de r\u00e9habilitation va produire mais aussi et surtout les diff\u00e9rentes \u00e9tapes de ce grand chantier.<\/p>\n<p><a href=\"http:\/\/marommeactu.fr\/wp-content\/uploads\/2017\/04\/MG_2020-e1493363352931.jpg\"><img loading=\"lazy\" decoding=\"async\" class=\"size-large wp-image-1418 aligncenter\" src=\"http:\/\/marommeactu.fr\/wp-content\/uploads\/2017\/04\/MG_2020-e1493363352931-683x1024.jpg\" alt=\"_MG_2020\" width=\"683\" height=\"1024\" srcset=\"https:\/\/marommeactu.fr\/wp-content\/uploads\/2017\/04\/MG_2020-e1493363352931-683x1024.jpg 683w, https:\/\/marommeactu.fr\/wp-content\/uploads\/2017\/04\/MG_2020-e1493363352931-200x300.jpg 200w, https:\/\/marommeactu.fr\/wp-content\/uploads\/2017\/04\/MG_2020-e1493363352931-768x1152.jpg 768w\" sizes=\"(max-width: 683px) 100vw, 683px\" \/><\/a><a href=\"http:\/\/marommeactu.fr\/wp-content\/uploads\/2017\/04\/MG_2025.jpg\"><img loading=\"lazy\" decoding=\"async\" class=\"size-large wp-image-1419 aligncenter\" src=\"http:\/\/marommeactu.fr\/wp-content\/uploads\/2017\/04\/MG_2025-1024x683.jpg\" alt=\"_MG_2025\" width=\"1000\" height=\"667\" srcset=\"https:\/\/marommeactu.fr\/wp-content\/uploads\/2017\/04\/MG_2025-1024x683.jpg 1024w, https:\/\/marommeactu.fr\/wp-content\/uploads\/2017\/04\/MG_2025-300x200.jpg 300w, https:\/\/marommeactu.fr\/wp-content\/uploads\/2017\/04\/MG_2025-768x512.jpg 768w, https:\/\/marommeactu.fr\/wp-content\/uploads\/2017\/04\/MG_2025-288x192.jpg 288w, https:\/\/marommeactu.fr\/wp-content\/uploads\/2017\/04\/MG_2025-960x640.jpg 960w, https:\/\/marommeactu.fr\/wp-content\/uploads\/2017\/04\/MG_2025-450x300.jpg 450w\" sizes=\"(max-width: 1000px) 100vw, 1000px\" \/><\/a><\/p>\n","protected":false},"excerpt":{"rendered":"<p>Hier soir, les responsables de Logirep ont d\u00e9voil\u00e9 aux locataires des Tours Auvergne et Bourbonnais, situ\u00e9es rue Paul Painlev\u00e9, le vaste de projet de r\u00e9novation de deux b\u00e2timents qu&rsquo;ils entendent mener. Aux pieds des deux immeubles, David Lamiray avait tenu \u00e0 lancer cette r\u00e9union publique \u00e0 laquelle de nombreux locataires participaient. Les dirigeants et directeurs&#8230; <\/p>\n<div class=\"link-more\"><a href=\"https:\/\/marommeactu.fr\/?p=1417\">En savoir plus<\/a><\/div>\n","protected":false},"author":1,"featured_media":1420,"comment_status":"closed","ping_status":"closed","sticky":false,"template":"","format":"standard","meta":{"footnotes":""},"categories":[4],"tags":[],"_links":{"self":[{"href":"https:\/\/marommeactu.fr\/index.php?rest_route=\/wp\/v2\/posts\/1417"}],"collection":[{"href":"https:\/\/marommeactu.fr\/index.php?rest_route=\/wp\/v2\/posts"}],"about":[{"href":"https:\/\/marommeactu.fr\/index.php?rest_route=\/wp\/v2\/types\/post"}],"author":[{"embeddable":true,"href":"https:\/\/marommeactu.fr\/index.php?rest_route=\/wp\/v2\/users\/1"}],"replies":[{"embeddable":true,"href":"https:\/\/marommeactu.fr\/index.php?rest_route=%2Fwp%2Fv2%2Fcomments&post=1417"}],"version-history":[{"count":1,"href":"https:\/\/marommeactu.fr\/index.php?rest_route=\/wp\/v2\/posts\/1417\/revisions"}],"predecessor-version":[{"id":1421,"href":"https:\/\/marommeactu.fr\/index.php?rest_route=\/wp\/v2\/posts\/1417\/revisions\/1421"}],"wp:featuredmedia":[{"embeddable":true,"href":"https:\/\/marommeactu.fr\/index.php?rest_route=\/wp\/v2\/media\/1420"}],"wp:attachment":[{"href":"https:\/\/marommeactu.fr\/index.php?rest_route=%2Fwp%2Fv2%2Fmedia&parent=1417"}],"wp:term":[{"taxonomy":"category","embeddable":true,"href":"https:\/\/marommeactu.fr\/index.php?rest_route=%2Fwp%2Fv2%2Fcategories&post=1417"},{"taxonomy":"post_tag","embeddable":true,"href":"https:\/\/marommeactu.fr\/index.php?rest_route=%2Fwp%2Fv2%2Ftags&post=1417"}],"curies":[{"name":"wp","href":"https:\/\/api.w.org\/{rel}","templated":true}]}}