{"id":1225,"date":"2017-04-03T15:16:28","date_gmt":"2017-04-03T13:16:28","guid":{"rendered":"http:\/\/marommeactu.fr\/?p=1225"},"modified":"2017-04-03T15:16:28","modified_gmt":"2017-04-03T13:16:28","slug":"deux-equipes-en-lice-pour-les-championnats-de-france","status":"publish","type":"post","link":"https:\/\/marommeactu.fr\/?p=1225","title":{"rendered":"Deux \u00e9quipes en lice pour les championnats de France"},"content":{"rendered":"<p>Le club de La Pers\u00e9v\u00e9rante vient de r\u00e9ussir un joli coup double en qualifiant deux de ses \u00e9quipes (1 filles, 1 gar\u00e7ons) pour les championnats de France de gymnastique qui se d\u00e9rouleront du 3 au 11 juin prochain \u00e0 Lyon.\u00a0 Bravo \u00e0 eux !<\/p>\n<p><a href=\"http:\/\/marommeactu.fr\/wp-content\/uploads\/2017\/04\/FullSizeR_2.jpg\"><img loading=\"lazy\" decoding=\"async\" class=\"wp-image-1227 aligncenter\" src=\"http:\/\/marommeactu.fr\/wp-content\/uploads\/2017\/04\/FullSizeR_2.jpg\" alt=\"FullSizeR_2\" width=\"547\" height=\"479\" srcset=\"https:\/\/marommeactu.fr\/wp-content\/uploads\/2017\/04\/FullSizeR_2-300x264.jpg 300w, https:\/\/marommeactu.fr\/wp-content\/uploads\/2017\/04\/FullSizeR_2-341x300.jpg 341w\" sizes=\"(max-width: 547px) 100vw, 547px\" \/><\/a><\/p>\n<p><a href=\"http:\/\/marommeactu.fr\/wp-content\/uploads\/2017\/04\/FullSizeR.jpg\"><img loading=\"lazy\" decoding=\"async\" class=\"alignnone  wp-image-1228 aligncenter\" src=\"http:\/\/marommeactu.fr\/wp-content\/uploads\/2017\/04\/FullSizeR.jpg\" alt=\"FullSizeR\" width=\"542\" height=\"462\" srcset=\"https:\/\/marommeactu.fr\/wp-content\/uploads\/2017\/04\/FullSizeR.jpg 563w, https:\/\/marommeactu.fr\/wp-content\/uploads\/2017\/04\/FullSizeR-300x256.jpg 300w, https:\/\/marommeactu.fr\/wp-content\/uploads\/2017\/04\/FullSizeR-352x300.jpg 352w\" sizes=\"(max-width: 542px) 100vw, 542px\" \/><\/a><\/p>\n","protected":false},"excerpt":{"rendered":"<p>Le club de La Pers\u00e9v\u00e9rante vient de r\u00e9ussir un joli coup double en qualifiant deux de ses \u00e9quipes (1 filles, 1 gar\u00e7ons) pour les championnats de France de gymnastique qui se d\u00e9rouleront du 3 au 11 juin prochain \u00e0 Lyon.\u00a0 Bravo \u00e0 eux !<\/p>\n","protected":false},"author":1,"featured_media":1230,"comment_status":"closed","ping_status":"closed","sticky":false,"template":"","format":"standard","meta":{"footnotes":""},"categories":[4],"tags":[],"_links":{"self":[{"href":"https:\/\/marommeactu.fr\/index.php?rest_route=\/wp\/v2\/posts\/1225"}],"collection":[{"href":"https:\/\/marommeactu.fr\/index.php?rest_route=\/wp\/v2\/posts"}],"about":[{"href":"https:\/\/marommeactu.fr\/index.php?rest_route=\/wp\/v2\/types\/post"}],"author":[{"embeddable":true,"href":"https:\/\/marommeactu.fr\/index.php?rest_route=\/wp\/v2\/users\/1"}],"replies":[{"embeddable":true,"href":"https:\/\/marommeactu.fr\/index.php?rest_route=%2Fwp%2Fv2%2Fcomments&post=1225"}],"version-history":[{"count":2,"href":"https:\/\/marommeactu.fr\/index.php?rest_route=\/wp\/v2\/posts\/1225\/revisions"}],"predecessor-version":[{"id":1231,"href":"https:\/\/marommeactu.fr\/index.php?rest_route=\/wp\/v2\/posts\/1225\/revisions\/1231"}],"wp:featuredmedia":[{"embeddable":true,"href":"https:\/\/marommeactu.fr\/index.php?rest_route=\/wp\/v2\/media\/1230"}],"wp:attachment":[{"href":"https:\/\/marommeactu.fr\/index.php?rest_route=%2Fwp%2Fv2%2Fmedia&parent=1225"}],"wp:term":[{"taxonomy":"category","embeddable":true,"href":"https:\/\/marommeactu.fr\/index.php?rest_route=%2Fwp%2Fv2%2Fcategories&post=1225"},{"taxonomy":"post_tag","embeddable":true,"href":"https:\/\/marommeactu.fr\/index.php?rest_route=%2Fwp%2Fv2%2Ftags&post=1225"}],"curies":[{"name":"wp","href":"https:\/\/api.w.org\/{rel}","templated":true}]}}