{"id":1193,"date":"2017-03-30T15:21:54","date_gmt":"2017-03-30T13:21:54","guid":{"rendered":"http:\/\/marommeactu.fr\/?p=1193"},"modified":"2017-03-30T15:21:54","modified_gmt":"2017-03-30T13:21:54","slug":"identite-et-diversite","status":"publish","type":"post","link":"https:\/\/marommeactu.fr\/?p=1193","title":{"rendered":"Identit\u00e9 et diversit\u00e9"},"content":{"rendered":"<p style=\"text-align: left;\">Aujourd&rsquo;hui, la m\u00e9diath\u00e8que Le S\u00e9quo\u00efa, accueillait l&rsquo;artiste Loya pour une d\u00e9couverte de son projet musical qui m\u00e9lange savamment le Maloya, musique traditionnelle de la R\u00e9union, \u00e0 des ondes \u00e9lectroniques.<br \/>\nDevant un public venu en nombre, notamment des \u00e9l\u00e8ves du lyc\u00e9e Bernard Palissy, Loya est revenu sur l&rsquo;origine du Maloya avant de d\u00e9velopper ses influences et son travail.\u00a0 Propos\u00e9e par les biblioth\u00e9caires et la Ville de Maromme, cette rencontre avec un artiste originaire de l&rsquo;Ile de la R\u00e9union, terre de m\u00e9tissage et multiculturelle,\u00a0 a aussi permis au public d&rsquo;\u00e9changer autour des th\u00e9matiques \u00abIdentit\u00e9 et diversit\u00e9\u00bb.<\/p>\n<p style=\"text-align: left;\"><a href=\"http:\/\/marommeactu.fr\/wp-content\/uploads\/2017\/03\/MG_1528.jpg\"><img loading=\"lazy\" decoding=\"async\" class=\"size-large wp-image-1195 aligncenter\" src=\"http:\/\/marommeactu.fr\/wp-content\/uploads\/2017\/03\/MG_1528-683x1024.jpg\" alt=\"_MG_1528\" width=\"683\" height=\"1024\" srcset=\"https:\/\/marommeactu.fr\/wp-content\/uploads\/2017\/03\/MG_1528-683x1024.jpg 683w, https:\/\/marommeactu.fr\/wp-content\/uploads\/2017\/03\/MG_1528-200x300.jpg 200w, https:\/\/marommeactu.fr\/wp-content\/uploads\/2017\/03\/MG_1528-768x1152.jpg 768w, https:\/\/marommeactu.fr\/wp-content\/uploads\/2017\/03\/MG_1528.jpg 1200w\" sizes=\"(max-width: 683px) 100vw, 683px\" \/><\/a><\/p>\n","protected":false},"excerpt":{"rendered":"<p>Aujourd&rsquo;hui, la m\u00e9diath\u00e8que Le S\u00e9quo\u00efa, accueillait l&rsquo;artiste Loya pour une d\u00e9couverte de son projet musical qui m\u00e9lange savamment le Maloya, musique traditionnelle de la R\u00e9union, \u00e0 des ondes \u00e9lectroniques. Devant un public venu en nombre, notamment des \u00e9l\u00e8ves du lyc\u00e9e Bernard Palissy, Loya est revenu sur l&rsquo;origine du Maloya avant de d\u00e9velopper ses influences et&#8230; <\/p>\n<div class=\"link-more\"><a href=\"https:\/\/marommeactu.fr\/?p=1193\">En savoir plus<\/a><\/div>\n","protected":false},"author":1,"featured_media":1194,"comment_status":"closed","ping_status":"closed","sticky":false,"template":"","format":"standard","meta":{"footnotes":""},"categories":[4],"tags":[],"_links":{"self":[{"href":"https:\/\/marommeactu.fr\/index.php?rest_route=\/wp\/v2\/posts\/1193"}],"collection":[{"href":"https:\/\/marommeactu.fr\/index.php?rest_route=\/wp\/v2\/posts"}],"about":[{"href":"https:\/\/marommeactu.fr\/index.php?rest_route=\/wp\/v2\/types\/post"}],"author":[{"embeddable":true,"href":"https:\/\/marommeactu.fr\/index.php?rest_route=\/wp\/v2\/users\/1"}],"replies":[{"embeddable":true,"href":"https:\/\/marommeactu.fr\/index.php?rest_route=%2Fwp%2Fv2%2Fcomments&post=1193"}],"version-history":[{"count":1,"href":"https:\/\/marommeactu.fr\/index.php?rest_route=\/wp\/v2\/posts\/1193\/revisions"}],"predecessor-version":[{"id":1196,"href":"https:\/\/marommeactu.fr\/index.php?rest_route=\/wp\/v2\/posts\/1193\/revisions\/1196"}],"wp:featuredmedia":[{"embeddable":true,"href":"https:\/\/marommeactu.fr\/index.php?rest_route=\/wp\/v2\/media\/1194"}],"wp:attachment":[{"href":"https:\/\/marommeactu.fr\/index.php?rest_route=%2Fwp%2Fv2%2Fmedia&parent=1193"}],"wp:term":[{"taxonomy":"category","embeddable":true,"href":"https:\/\/marommeactu.fr\/index.php?rest_route=%2Fwp%2Fv2%2Fcategories&post=1193"},{"taxonomy":"post_tag","embeddable":true,"href":"https:\/\/marommeactu.fr\/index.php?rest_route=%2Fwp%2Fv2%2Ftags&post=1193"}],"curies":[{"name":"wp","href":"https:\/\/api.w.org\/{rel}","templated":true}]}}