{"id":1183,"date":"2017-03-30T14:56:04","date_gmt":"2017-03-30T12:56:04","guid":{"rendered":"http:\/\/marommeactu.fr\/?p=1183"},"modified":"2017-03-30T14:56:04","modified_gmt":"2017-03-30T12:56:04","slug":"les-ecoles-en-choeur","status":"publish","type":"post","link":"https:\/\/marommeactu.fr\/?p=1183","title":{"rendered":"Les \u00e9coles en choeur"},"content":{"rendered":"<p>Ce matin, les \u00ab\u00a0Rencontres chantantes\u00a0\u00bb ont r\u00e9uni les \u00e9l\u00e8ves des \u00e9coles de la ville ainsi que ceux de St Jean du Cardonnay \u00e0 l&rsquo;espace culturel Beaumarchais. \u00c0 l&rsquo;initiative de l&rsquo;Inspection de l&rsquo;Education Nationale et de son conseiller p\u00e9dagogique en musique, Philippe Chandor, ce rassemblement marquait l&rsquo;aboutissement d&rsquo;un travail men\u00e9 durant l&rsquo;ann\u00e9e par les enseignantes autour du d\u00e9veloppement du chant choral. Tour \u00e0 tour public et chanteurs, les \u00e9l\u00e8ves se sont succ\u00e9d\u00e9 sur la sc\u00e8ne pour plusieurs prestations musicales.<\/p>\n<p style=\"text-align: center;\"><a href=\"http:\/\/marommeactu.fr\/wp-content\/uploads\/2017\/03\/MG_1508.jpg\"><img loading=\"lazy\" decoding=\"async\" class=\"alignnone size-large wp-image-1184\" src=\"http:\/\/marommeactu.fr\/wp-content\/uploads\/2017\/03\/MG_1508-1024x683.jpg\" alt=\"_MG_1508\" width=\"1000\" height=\"667\" srcset=\"https:\/\/marommeactu.fr\/wp-content\/uploads\/2017\/03\/MG_1508-1024x683.jpg 1024w, https:\/\/marommeactu.fr\/wp-content\/uploads\/2017\/03\/MG_1508-300x200.jpg 300w, https:\/\/marommeactu.fr\/wp-content\/uploads\/2017\/03\/MG_1508-768x512.jpg 768w, https:\/\/marommeactu.fr\/wp-content\/uploads\/2017\/03\/MG_1508-288x192.jpg 288w, https:\/\/marommeactu.fr\/wp-content\/uploads\/2017\/03\/MG_1508-960x640.jpg 960w, https:\/\/marommeactu.fr\/wp-content\/uploads\/2017\/03\/MG_1508-450x300.jpg 450w\" sizes=\"(max-width: 1000px) 100vw, 1000px\" \/><\/a><\/p>\n","protected":false},"excerpt":{"rendered":"<p>Ce matin, les \u00ab\u00a0Rencontres chantantes\u00a0\u00bb ont r\u00e9uni les \u00e9l\u00e8ves des \u00e9coles de la ville ainsi que ceux de St Jean du Cardonnay \u00e0 l&rsquo;espace culturel Beaumarchais. \u00c0 l&rsquo;initiative de l&rsquo;Inspection de l&rsquo;Education Nationale et de son conseiller p\u00e9dagogique en musique, Philippe Chandor, ce rassemblement marquait l&rsquo;aboutissement d&rsquo;un travail men\u00e9 durant l&rsquo;ann\u00e9e par les enseignantes autour&#8230; <\/p>\n<div class=\"link-more\"><a href=\"https:\/\/marommeactu.fr\/?p=1183\">En savoir plus<\/a><\/div>\n","protected":false},"author":1,"featured_media":1185,"comment_status":"closed","ping_status":"closed","sticky":false,"template":"","format":"standard","meta":{"footnotes":""},"categories":[4],"tags":[],"_links":{"self":[{"href":"https:\/\/marommeactu.fr\/index.php?rest_route=\/wp\/v2\/posts\/1183"}],"collection":[{"href":"https:\/\/marommeactu.fr\/index.php?rest_route=\/wp\/v2\/posts"}],"about":[{"href":"https:\/\/marommeactu.fr\/index.php?rest_route=\/wp\/v2\/types\/post"}],"author":[{"embeddable":true,"href":"https:\/\/marommeactu.fr\/index.php?rest_route=\/wp\/v2\/users\/1"}],"replies":[{"embeddable":true,"href":"https:\/\/marommeactu.fr\/index.php?rest_route=%2Fwp%2Fv2%2Fcomments&post=1183"}],"version-history":[{"count":1,"href":"https:\/\/marommeactu.fr\/index.php?rest_route=\/wp\/v2\/posts\/1183\/revisions"}],"predecessor-version":[{"id":1186,"href":"https:\/\/marommeactu.fr\/index.php?rest_route=\/wp\/v2\/posts\/1183\/revisions\/1186"}],"wp:featuredmedia":[{"embeddable":true,"href":"https:\/\/marommeactu.fr\/index.php?rest_route=\/wp\/v2\/media\/1185"}],"wp:attachment":[{"href":"https:\/\/marommeactu.fr\/index.php?rest_route=%2Fwp%2Fv2%2Fmedia&parent=1183"}],"wp:term":[{"taxonomy":"category","embeddable":true,"href":"https:\/\/marommeactu.fr\/index.php?rest_route=%2Fwp%2Fv2%2Fcategories&post=1183"},{"taxonomy":"post_tag","embeddable":true,"href":"https:\/\/marommeactu.fr\/index.php?rest_route=%2Fwp%2Fv2%2Ftags&post=1183"}],"curies":[{"name":"wp","href":"https:\/\/api.w.org\/{rel}","templated":true}]}}