{"id":1171,"date":"2017-03-29T10:38:56","date_gmt":"2017-03-29T08:38:56","guid":{"rendered":"http:\/\/marommeactu.fr\/?p=1171"},"modified":"2017-03-31T12:25:48","modified_gmt":"2017-03-31T10:25:48","slug":"des-vacances-sous-le-signe-du-sport","status":"publish","type":"post","link":"https:\/\/marommeactu.fr\/?p=1171","title":{"rendered":"Des vacances sous le signe du sport"},"content":{"rendered":"<p>Dans le cadre de son dispositif \u00ab\u00a0Actisport\u00a0\u00bb, la Ville de Maromme propose une semaine sportive du lundi 10 au vendredi 14 avril. Cette animation gratuite, encadr\u00e9e par les \u00e9ducateurs sportifs municipaux, est destin\u00e9e aux enfants \u00e0 partir du CP.<\/p>\n<p><strong>Pour les CP\/CE1, de 10h \u00e0 12h, rendez-vous \u00e0 10h au Stade Paul Vauquelin<\/strong><br \/>\n(activit\u00e9s pr\u00e9vu au PARC SIGNA)<br \/>\nLundi 10 avril\u00a0: <strong>Sarbacane<\/strong><br \/>\nMardi 11 avril\u00a0: <strong>Course d\u2019orientation<\/strong><br \/>\nMercredi 12 avril\u00a0: <strong>Trottinette<\/strong><br \/>\nJeudi 13 avril\u00a0: <strong>RAID SPORTIF<\/strong><\/p>\n<p><strong>Pour les CE2 et +, de 14h \u00e0 17H, rendez-vous \u00e0 14h au Stade Paul Vauquelin<\/strong> (activit\u00e9s pr\u00e9vues au PARC SIGNA)<br \/>\nLundi 10 avril\u00a0: <strong>Tir \u00e0 l\u2019arc<\/strong><br \/>\nMardi 11 avril\u00a0: <strong>Course d\u2019orientation<\/strong><br \/>\nMercredi 12 avril\u00a0: <strong>V\u00e9lo<\/strong><br \/>\nJeudi 13 avril\u00a0: <strong>RAID SPORTIF<\/strong><br \/>\nVendredi 14 avril\u00a0: <strong>REVELATIONS SPORT<\/strong> (toute la journ\u00e9e)<br \/>\nRendez-vous \u00e0 9h30 au stade Paul Vauquelin<br \/>\n<em>Activit\u00e9 pr\u00e9vue \u00e0 Notre-Dame de BONDEVILLE &#8211; 20 PLACES<\/em><\/p>\n<p><strong>INFORMATIONS PRATIQUES<br \/>\n<\/strong>Les inscriptions sont \u00e0 r\u00e9cup\u00e9rer aupr\u00e8s des \u00e9ducateurs sportifs de la Ville.<br \/>\nLes familles pourront d\u00e9poser l\u2019autorisation parentale\u00a0: dans les urnes mises \u00e0 disposition au Stade, \u00e0 la M\u00e9diath\u00e8que, \u00e0 l\u2019accueil mairie, au centre de Loisirs, ou aux \u00e9ducateurs.<br \/>\nDate limite du d\u00e9p\u00f4t le vendredi 7 avril 2017.<br \/>\n<strong>Pour tous renseignements compl\u00e9mentaires :<br \/>\nService Sport au 02 32 82 22 19 ou 02 32 82 22 00 poste 2284<\/strong><\/p>\n","protected":false},"excerpt":{"rendered":"<p>Dans le cadre de son dispositif \u00ab\u00a0Actisport\u00a0\u00bb, la Ville de Maromme propose une semaine sportive du lundi 10 au vendredi 14 avril. Cette animation gratuite, encadr\u00e9e par les \u00e9ducateurs sportifs municipaux, est destin\u00e9e aux enfants \u00e0 partir du CP. Pour les CP\/CE1, de 10h \u00e0 12h, rendez-vous \u00e0 10h au Stade Paul Vauquelin (activit\u00e9s pr\u00e9vu&#8230; <\/p>\n<div class=\"link-more\"><a href=\"https:\/\/marommeactu.fr\/?p=1171\">En savoir plus<\/a><\/div>\n","protected":false},"author":1,"featured_media":1172,"comment_status":"closed","ping_status":"closed","sticky":false,"template":"","format":"standard","meta":{"footnotes":""},"categories":[4],"tags":[],"_links":{"self":[{"href":"https:\/\/marommeactu.fr\/index.php?rest_route=\/wp\/v2\/posts\/1171"}],"collection":[{"href":"https:\/\/marommeactu.fr\/index.php?rest_route=\/wp\/v2\/posts"}],"about":[{"href":"https:\/\/marommeactu.fr\/index.php?rest_route=\/wp\/v2\/types\/post"}],"author":[{"embeddable":true,"href":"https:\/\/marommeactu.fr\/index.php?rest_route=\/wp\/v2\/users\/1"}],"replies":[{"embeddable":true,"href":"https:\/\/marommeactu.fr\/index.php?rest_route=%2Fwp%2Fv2%2Fcomments&post=1171"}],"version-history":[{"count":5,"href":"https:\/\/marommeactu.fr\/index.php?rest_route=\/wp\/v2\/posts\/1171\/revisions"}],"predecessor-version":[{"id":1205,"href":"https:\/\/marommeactu.fr\/index.php?rest_route=\/wp\/v2\/posts\/1171\/revisions\/1205"}],"wp:featuredmedia":[{"embeddable":true,"href":"https:\/\/marommeactu.fr\/index.php?rest_route=\/wp\/v2\/media\/1172"}],"wp:attachment":[{"href":"https:\/\/marommeactu.fr\/index.php?rest_route=%2Fwp%2Fv2%2Fmedia&parent=1171"}],"wp:term":[{"taxonomy":"category","embeddable":true,"href":"https:\/\/marommeactu.fr\/index.php?rest_route=%2Fwp%2Fv2%2Fcategories&post=1171"},{"taxonomy":"post_tag","embeddable":true,"href":"https:\/\/marommeactu.fr\/index.php?rest_route=%2Fwp%2Fv2%2Ftags&post=1171"}],"curies":[{"name":"wp","href":"https:\/\/api.w.org\/{rel}","templated":true}]}}