{"id":1160,"date":"2017-03-24T10:28:35","date_gmt":"2017-03-24T09:28:35","guid":{"rendered":"http:\/\/marommeactu.fr\/?p=1160"},"modified":"2017-03-24T10:28:35","modified_gmt":"2017-03-24T09:28:35","slug":"video-maromme-ville-active-et-sportive","status":"publish","type":"post","link":"https:\/\/marommeactu.fr\/?p=1160","title":{"rendered":"Vid\u00e9o : Maromme \u00ab\u00a0Ville active et sportive\u00a0\u00bb"},"content":{"rendered":"<p>Hier soir \u00e0 l\u2019espace culturel Beaumarchais, David Lamiray et les \u00e9lus du Conseil municipal avaient invit\u00e9 l\u2019ensemble des acteurs du domaine sportif pour partager avec la r\u00e9compense obtenue par tous, \u00e0 travers le label \u00abVille active et sportive\u00bb. \u00c0 cette occasion, le Maire<span class=\"_3c21\"> est revenu, \u00e0 travers la projection d&rsquo;une vid\u00e9o, sur les raisons qui ont conduit la Ville de Maromme \u00e0 se voir d\u00e9cerner ce label.<\/span><\/p>\n<p><iframe loading=\"lazy\" width=\"1000\" height=\"563\" src=\"https:\/\/www.youtube.com\/embed\/nbFqwBUCYTk?feature=oembed\" frameborder=\"0\" allowfullscreen><\/iframe><\/p>\n","protected":false},"excerpt":{"rendered":"<p>Hier soir \u00e0 l\u2019espace culturel Beaumarchais, David Lamiray et les \u00e9lus du Conseil municipal avaient invit\u00e9 l\u2019ensemble des acteurs du domaine sportif pour partager avec la r\u00e9compense obtenue par tous, \u00e0 travers le label \u00abVille active et sportive\u00bb. \u00c0 cette occasion, le Maire est revenu, \u00e0 travers la projection d&rsquo;une vid\u00e9o, sur les raisons qui&#8230; <\/p>\n<div class=\"link-more\"><a href=\"https:\/\/marommeactu.fr\/?p=1160\">En savoir plus<\/a><\/div>\n","protected":false},"author":1,"featured_media":278,"comment_status":"closed","ping_status":"closed","sticky":false,"template":"","format":"standard","meta":{"footnotes":""},"categories":[4],"tags":[],"_links":{"self":[{"href":"https:\/\/marommeactu.fr\/index.php?rest_route=\/wp\/v2\/posts\/1160"}],"collection":[{"href":"https:\/\/marommeactu.fr\/index.php?rest_route=\/wp\/v2\/posts"}],"about":[{"href":"https:\/\/marommeactu.fr\/index.php?rest_route=\/wp\/v2\/types\/post"}],"author":[{"embeddable":true,"href":"https:\/\/marommeactu.fr\/index.php?rest_route=\/wp\/v2\/users\/1"}],"replies":[{"embeddable":true,"href":"https:\/\/marommeactu.fr\/index.php?rest_route=%2Fwp%2Fv2%2Fcomments&post=1160"}],"version-history":[{"count":2,"href":"https:\/\/marommeactu.fr\/index.php?rest_route=\/wp\/v2\/posts\/1160\/revisions"}],"predecessor-version":[{"id":1162,"href":"https:\/\/marommeactu.fr\/index.php?rest_route=\/wp\/v2\/posts\/1160\/revisions\/1162"}],"wp:featuredmedia":[{"embeddable":true,"href":"https:\/\/marommeactu.fr\/index.php?rest_route=\/wp\/v2\/media\/278"}],"wp:attachment":[{"href":"https:\/\/marommeactu.fr\/index.php?rest_route=%2Fwp%2Fv2%2Fmedia&parent=1160"}],"wp:term":[{"taxonomy":"category","embeddable":true,"href":"https:\/\/marommeactu.fr\/index.php?rest_route=%2Fwp%2Fv2%2Fcategories&post=1160"},{"taxonomy":"post_tag","embeddable":true,"href":"https:\/\/marommeactu.fr\/index.php?rest_route=%2Fwp%2Fv2%2Ftags&post=1160"}],"curies":[{"name":"wp","href":"https:\/\/api.w.org\/{rel}","templated":true}]}}