{"id":1148,"date":"2017-03-22T13:02:07","date_gmt":"2017-03-22T12:02:07","guid":{"rendered":"http:\/\/marommeactu.fr\/?p=1148"},"modified":"2017-03-22T13:02:07","modified_gmt":"2017-03-22T12:02:07","slug":"revue-de-chantiers","status":"publish","type":"post","link":"https:\/\/marommeactu.fr\/?p=1148","title":{"rendered":"Revue de chantiers\u2026"},"content":{"rendered":"<p>Lundi dernier, David Lamiray et son adjoint Didier Hardy ont sillonn\u00e9 les rues de la ville pour se rendre compte de l&rsquo;avancement des diff\u00e9rents travaux actuellement en cours sur Maromme. Parmi les plus importants, le chantier de redimensionnement du r\u00e9seau des eaux de pluie \u00e0 La Maine est entr\u00e9 dans sa troisi\u00e8me phase. Conduit par la M\u00e9tropole Rouen Normandie, les travaux y sont, rue Jean Millet, des plus impressionnants avec des tranch\u00e9es de 5 \u00e0 6 m\u00e8tres de profondeur. Les \u00e9lus se sont \u00e9galement rendus dans le quartier des Portes de la Ville o\u00f9 le parc immobilier d&rsquo;Habitat 76 est en train de changer de visage avec un programme <span class=\"st\">de r\u00e9habilitation \u00e9nerg\u00e9tique. Enfin, dernier grand chantier d&rsquo;importance, celui bien entendu de la reconstruction des 132 logements du quartier de Binche par Log\u00e9o Seine-Estuaire, dont les premi\u00e8res fondations sont d&rsquo;ores et d\u00e9j\u00e0 visibles.<\/span><\/p>\n<p><a href=\"http:\/\/marommeactu.fr\/wp-content\/uploads\/2017\/03\/MG_1407-e1490184047379.jpg\"><img loading=\"lazy\" decoding=\"async\" class=\"alignnone size-large wp-image-1152\" src=\"http:\/\/marommeactu.fr\/wp-content\/uploads\/2017\/03\/MG_1407-e1490184047379-683x1024.jpg\" alt=\"_MG_1407\" width=\"683\" height=\"1024\" srcset=\"https:\/\/marommeactu.fr\/wp-content\/uploads\/2017\/03\/MG_1407-e1490184047379-683x1024.jpg 683w, https:\/\/marommeactu.fr\/wp-content\/uploads\/2017\/03\/MG_1407-e1490184047379-200x300.jpg 200w, https:\/\/marommeactu.fr\/wp-content\/uploads\/2017\/03\/MG_1407-e1490184047379-768x1152.jpg 768w\" sizes=\"(max-width: 683px) 100vw, 683px\" \/><\/a><a href=\"http:\/\/marommeactu.fr\/wp-content\/uploads\/2017\/03\/MG_1398.jpg\"><img loading=\"lazy\" decoding=\"async\" class=\"alignnone size-large wp-image-1150\" src=\"http:\/\/marommeactu.fr\/wp-content\/uploads\/2017\/03\/MG_1398-1024x683.jpg\" alt=\"_MG_1398\" width=\"1000\" height=\"667\" srcset=\"https:\/\/marommeactu.fr\/wp-content\/uploads\/2017\/03\/MG_1398-1024x683.jpg 1024w, https:\/\/marommeactu.fr\/wp-content\/uploads\/2017\/03\/MG_1398-300x200.jpg 300w, https:\/\/marommeactu.fr\/wp-content\/uploads\/2017\/03\/MG_1398-768x512.jpg 768w, https:\/\/marommeactu.fr\/wp-content\/uploads\/2017\/03\/MG_1398-288x192.jpg 288w, https:\/\/marommeactu.fr\/wp-content\/uploads\/2017\/03\/MG_1398-960x640.jpg 960w, https:\/\/marommeactu.fr\/wp-content\/uploads\/2017\/03\/MG_1398-450x300.jpg 450w\" sizes=\"(max-width: 1000px) 100vw, 1000px\" \/><\/a><\/p>\n<p><a href=\"http:\/\/marommeactu.fr\/wp-content\/uploads\/2017\/03\/MG_1431.jpg\"><img loading=\"lazy\" decoding=\"async\" class=\"alignnone size-large wp-image-1149\" src=\"http:\/\/marommeactu.fr\/wp-content\/uploads\/2017\/03\/MG_1431-1024x683.jpg\" alt=\"_MG_1431\" width=\"1000\" height=\"667\" srcset=\"https:\/\/marommeactu.fr\/wp-content\/uploads\/2017\/03\/MG_1431-1024x683.jpg 1024w, https:\/\/marommeactu.fr\/wp-content\/uploads\/2017\/03\/MG_1431-300x200.jpg 300w, https:\/\/marommeactu.fr\/wp-content\/uploads\/2017\/03\/MG_1431-768x512.jpg 768w, https:\/\/marommeactu.fr\/wp-content\/uploads\/2017\/03\/MG_1431-288x192.jpg 288w, https:\/\/marommeactu.fr\/wp-content\/uploads\/2017\/03\/MG_1431-960x640.jpg 960w, https:\/\/marommeactu.fr\/wp-content\/uploads\/2017\/03\/MG_1431-450x300.jpg 450w\" sizes=\"(max-width: 1000px) 100vw, 1000px\" \/><\/a><\/p>\n","protected":false},"excerpt":{"rendered":"<p>Lundi dernier, David Lamiray et son adjoint Didier Hardy ont sillonn\u00e9 les rues de la ville pour se rendre compte de l&rsquo;avancement des diff\u00e9rents travaux actuellement en cours sur Maromme. Parmi les plus importants, le chantier de redimensionnement du r\u00e9seau des eaux de pluie \u00e0 La Maine est entr\u00e9 dans sa troisi\u00e8me phase. Conduit par&#8230; <\/p>\n<div class=\"link-more\"><a href=\"https:\/\/marommeactu.fr\/?p=1148\">En savoir plus<\/a><\/div>\n","protected":false},"author":1,"featured_media":1151,"comment_status":"closed","ping_status":"closed","sticky":false,"template":"","format":"standard","meta":{"footnotes":""},"categories":[4],"tags":[],"_links":{"self":[{"href":"https:\/\/marommeactu.fr\/index.php?rest_route=\/wp\/v2\/posts\/1148"}],"collection":[{"href":"https:\/\/marommeactu.fr\/index.php?rest_route=\/wp\/v2\/posts"}],"about":[{"href":"https:\/\/marommeactu.fr\/index.php?rest_route=\/wp\/v2\/types\/post"}],"author":[{"embeddable":true,"href":"https:\/\/marommeactu.fr\/index.php?rest_route=\/wp\/v2\/users\/1"}],"replies":[{"embeddable":true,"href":"https:\/\/marommeactu.fr\/index.php?rest_route=%2Fwp%2Fv2%2Fcomments&post=1148"}],"version-history":[{"count":1,"href":"https:\/\/marommeactu.fr\/index.php?rest_route=\/wp\/v2\/posts\/1148\/revisions"}],"predecessor-version":[{"id":1153,"href":"https:\/\/marommeactu.fr\/index.php?rest_route=\/wp\/v2\/posts\/1148\/revisions\/1153"}],"wp:featuredmedia":[{"embeddable":true,"href":"https:\/\/marommeactu.fr\/index.php?rest_route=\/wp\/v2\/media\/1151"}],"wp:attachment":[{"href":"https:\/\/marommeactu.fr\/index.php?rest_route=%2Fwp%2Fv2%2Fmedia&parent=1148"}],"wp:term":[{"taxonomy":"category","embeddable":true,"href":"https:\/\/marommeactu.fr\/index.php?rest_route=%2Fwp%2Fv2%2Fcategories&post=1148"},{"taxonomy":"post_tag","embeddable":true,"href":"https:\/\/marommeactu.fr\/index.php?rest_route=%2Fwp%2Fv2%2Ftags&post=1148"}],"curies":[{"name":"wp","href":"https:\/\/api.w.org\/{rel}","templated":true}]}}