{"id":1134,"date":"2017-03-20T11:44:29","date_gmt":"2017-03-20T10:44:29","guid":{"rendered":"http:\/\/marommeactu.fr\/?p=1134"},"modified":"2017-03-20T11:44:29","modified_gmt":"2017-03-20T10:44:29","slug":"commemoration-du-19-mars","status":"publish","type":"post","link":"https:\/\/marommeactu.fr\/?p=1134","title":{"rendered":"Comm\u00e9moration du 19 mars"},"content":{"rendered":"<p>Dimanche dernier, 19 mars, David Lamiray, Guillaume Bachelay, D\u00e9put\u00e9, Catherine Manzanar\u00e8s, Conseill\u00e8re D\u00e9partementale, Roger Chanteloup, Pr\u00e9sident de la FNACA, les \u00e9lus de Maromme, les anciens-combattants et des habitants se sont r\u00e9unis place Jean Jaur\u00e8s afin de comm\u00e9morer le 55\u00e8me anniversaire du Cessez-le-Feu en Alg\u00e9rie. \u00c0 cette occasion, Roger Chanteloup a remis \u00e0 Jean-Pierre Rioux la M\u00e9daille de Reconnaissance de la Nation. Lib\u00e9r\u00e9 en d\u00e9cembre 1959, celui-ci aura effectu\u00e9 27 mois de service militaire dont 12 mois pass\u00e9s en Alg\u00e9rie.<\/p>\n","protected":false},"excerpt":{"rendered":"<p>Dimanche dernier, 19 mars, David Lamiray, Guillaume Bachelay, D\u00e9put\u00e9, Catherine Manzanar\u00e8s, Conseill\u00e8re D\u00e9partementale, Roger Chanteloup, Pr\u00e9sident de la FNACA, les \u00e9lus de Maromme, les anciens-combattants et des habitants se sont r\u00e9unis place Jean Jaur\u00e8s afin de comm\u00e9morer le 55\u00e8me anniversaire du Cessez-le-Feu en Alg\u00e9rie. \u00c0 cette occasion, Roger Chanteloup a remis \u00e0 Jean-Pierre Rioux la&#8230; <\/p>\n<div class=\"link-more\"><a href=\"https:\/\/marommeactu.fr\/?p=1134\">En savoir plus<\/a><\/div>\n","protected":false},"author":1,"featured_media":1133,"comment_status":"closed","ping_status":"closed","sticky":false,"template":"","format":"standard","meta":{"footnotes":""},"categories":[4],"tags":[],"_links":{"self":[{"href":"https:\/\/marommeactu.fr\/index.php?rest_route=\/wp\/v2\/posts\/1134"}],"collection":[{"href":"https:\/\/marommeactu.fr\/index.php?rest_route=\/wp\/v2\/posts"}],"about":[{"href":"https:\/\/marommeactu.fr\/index.php?rest_route=\/wp\/v2\/types\/post"}],"author":[{"embeddable":true,"href":"https:\/\/marommeactu.fr\/index.php?rest_route=\/wp\/v2\/users\/1"}],"replies":[{"embeddable":true,"href":"https:\/\/marommeactu.fr\/index.php?rest_route=%2Fwp%2Fv2%2Fcomments&post=1134"}],"version-history":[{"count":1,"href":"https:\/\/marommeactu.fr\/index.php?rest_route=\/wp\/v2\/posts\/1134\/revisions"}],"predecessor-version":[{"id":1136,"href":"https:\/\/marommeactu.fr\/index.php?rest_route=\/wp\/v2\/posts\/1134\/revisions\/1136"}],"wp:featuredmedia":[{"embeddable":true,"href":"https:\/\/marommeactu.fr\/index.php?rest_route=\/wp\/v2\/media\/1133"}],"wp:attachment":[{"href":"https:\/\/marommeactu.fr\/index.php?rest_route=%2Fwp%2Fv2%2Fmedia&parent=1134"}],"wp:term":[{"taxonomy":"category","embeddable":true,"href":"https:\/\/marommeactu.fr\/index.php?rest_route=%2Fwp%2Fv2%2Fcategories&post=1134"},{"taxonomy":"post_tag","embeddable":true,"href":"https:\/\/marommeactu.fr\/index.php?rest_route=%2Fwp%2Fv2%2Ftags&post=1134"}],"curies":[{"name":"wp","href":"https:\/\/api.w.org\/{rel}","templated":true}]}}